{"id":23624,"date":"2026-02-11T12:51:40","date_gmt":"2026-02-11T15:51:40","guid":{"rendered":"https:\/\/laserenaradio.cl\/web\/?p=23624"},"modified":"2026-02-11T12:51:40","modified_gmt":"2026-02-11T15:51:40","slug":"continua-el-desalojo-de-la-megatoma-de-san-antonio","status":"publish","type":"post","link":"https:\/\/laserenaradio.cl\/web\/2026\/02\/11\/continua-el-desalojo-de-la-megatoma-de-san-antonio\/","title":{"rendered":"Contin\u00faa el desalojo de la megatoma de San Antonio"},"content":{"rendered":"<p>Un avance de 32 hect\u00e1reas es el objetivo fijado por la Delegaci\u00f3n Presidencial Regional de Valpara\u00edso para el t\u00e9rmino de esta semana, en el contexto del desalojo de la megatoma de San Antonio. Durante el martes, continuaron los trabajos de remoci\u00f3n de escombros con el ingreso de maquinaria y el avance del cierre perimetral en el sector Los Pinos-Don Jos\u00e9.<\/p>\n<p>Del total de 100 hect\u00e1reas a ser intervenidas durante este proceso, el Gobierno tiene presupuestado haber desalojado un total de 32 al finalizar la semana. Este avance se agiliz\u00f3 dado que los ocupantes del sector desarmaron sus viviendas durante el pasado lunes. Yanino Riquelme, delegado presidencial regional de Valpara\u00edso, se\u00f1al\u00f3 que durante esta semana esperan recuperar 10 hect\u00e1reas m\u00e1s del asentamiento irregular.<\/p>\n<p>Otro de los sectores considerados para el procedimiento es el de la Poblaci\u00f3n O&#8217;Higgins. Inicialmente estaba fijada la demolici\u00f3n para la semana pasada; sin embargo, dicha medida fue postergada para marzo.<\/p>\n<p>En paralelo, el <a href=\"http:\/\/www.minvu.cl\/\">Ministerio de Vivienda y Urbanismo<\/a> respondi\u00f3 a la querella por estafa presentada por el Movimiento de Pobladores Organizados contra el titular de la cartera, Carlos Montes. Tambi\u00e9n se dirigi\u00f3 contra otras autoridades regionales como el delegado presidencial regional, Yanino Riquelme, y la delegada del Minvu para la megatoma, Gloria Maira.<\/p>\n<p>A trav\u00e9s de un comunicado, la instituci\u00f3n rechaz\u00f3 las imputaciones realizadas en medio del acuerdo protocolar, el proceso de expropiaci\u00f3n y el plan habitacional anunciado por el Gobierno. De la misma forma, indicaron que las actuaciones de las autoridades apuntadas se realizaron dentro del marco legal y con el objetivo de buscar una soluci\u00f3n habitacional para las familias.<\/p>\n","protected":false},"excerpt":{"rendered":"<p>Un avance de 32 hect\u00e1reas es el objetivo fijado por la Delegaci\u00f3n Presidencial Regional de Valpara\u00edso para el t\u00e9rmino de esta semana, en el contexto del desalojo de la megatoma de San Antonio. Durante el martes, continuaron los trabajos de remoci\u00f3n de escombros con el ingreso de maquinaria y el avance del cierre perimetral en [&hellip;]<\/p>\n","protected":false},"author":2,"featured_media":23623,"comment_status":"closed","ping_status":"open","sticky":false,"template":"","format":"standard","meta":{"_jetpack_memberships_contains_paid_content":false,"jnews-multi-image_gallery":[],"jnews_single_post":[],"jnews_primary_category":[],"jnews_social_meta":[],"jnews_paywall_metabox":[],"jnews_review":[],"enable_review":"","type":"","name":"","summary":"","brand":"","sku":"","good":[],"bad":[],"score_override":"","override_value":"","rating":[],"price":[],"jnews_override_counter":[],"jnews_post_split":[],"footnotes":""},"categories":[21],"tags":[],"class_list":["post-23624","post","type-post","status-publish","format-standard","has-post-thumbnail","hentry","category-nacional"],"jetpack_featured_media_url":"https:\/\/laserenaradio.cl\/web\/wp-content\/uploads\/2026\/02\/mediapiaiextstaticimg_webpsemanaavancemegatomadurante_1.webp","jetpack_sharing_enabled":true,"_links":{"self":[{"href":"https:\/\/laserenaradio.cl\/web\/wp-json\/wp\/v2\/posts\/23624","targetHints":{"allow":["GET"]}}],"collection":[{"href":"https:\/\/laserenaradio.cl\/web\/wp-json\/wp\/v2\/posts"}],"about":[{"href":"https:\/\/laserenaradio.cl\/web\/wp-json\/wp\/v2\/types\/post"}],"author":[{"embeddable":true,"href":"https:\/\/laserenaradio.cl\/web\/wp-json\/wp\/v2\/users\/2"}],"replies":[{"embeddable":true,"href":"https:\/\/laserenaradio.cl\/web\/wp-json\/wp\/v2\/comments?post=23624"}],"version-history":[{"count":1,"href":"https:\/\/laserenaradio.cl\/web\/wp-json\/wp\/v2\/posts\/23624\/revisions"}],"predecessor-version":[{"id":23625,"href":"https:\/\/laserenaradio.cl\/web\/wp-json\/wp\/v2\/posts\/23624\/revisions\/23625"}],"wp:featuredmedia":[{"embeddable":true,"href":"https:\/\/laserenaradio.cl\/web\/wp-json\/wp\/v2\/media\/23623"}],"wp:attachment":[{"href":"https:\/\/laserenaradio.cl\/web\/wp-json\/wp\/v2\/media?parent=23624"}],"wp:term":[{"taxonomy":"category","embeddable":true,"href":"https:\/\/laserenaradio.cl\/web\/wp-json\/wp\/v2\/categories?post=23624"},{"taxonomy":"post_tag","embeddable":true,"href":"https:\/\/laserenaradio.cl\/web\/wp-json\/wp\/v2\/tags?post=23624"}],"curies":[{"name":"wp","href":"https:\/\/api.w.org\/{rel}","templated":true}]}}