{"id":23613,"date":"2026-02-11T09:21:10","date_gmt":"2026-02-11T12:21:10","guid":{"rendered":"https:\/\/laserenaradio.cl\/web\/?p=23613"},"modified":"2026-02-11T09:21:10","modified_gmt":"2026-02-11T12:21:10","slug":"aumentan-las-denuncias-por-maltrato-escolar-en-chile","status":"publish","type":"post","link":"https:\/\/laserenaradio.cl\/web\/2026\/02\/11\/aumentan-las-denuncias-por-maltrato-escolar-en-chile\/","title":{"rendered":"Aumentan las denuncias por maltrato escolar en Chile"},"content":{"rendered":"<p>La <a href=\"https:\/\/www.supereduc.cl\/\">Superintendencia de Educaci\u00f3n<\/a> present\u00f3 el informe de denuncias ciudadanas ingresadas entre 2022 y 2025 enmarcadas en recintos educativos, demostrando que s\u00f3lo en 2025 se registraron 22.680 denuncias, concentr\u00e1ndose 17.076 casos \u00fanicamente en el \u00e1mbito de convivencia escolar (75,3% del total). Este aumento no puede entenderse \u00fanicamente como un alza en los conflictos, seg\u00fan explica la Supereduc, sino como reflejo de un marco normativo &#8220;m\u00e1s exigente&#8221; en materia de convivencia y discriminaci\u00f3n.<\/p>\n<p>Las m\u00e1s de 22 mil denuncias representan un incremento del 18,7% respecto a 2024. En tanto, los casos de convivencia educativa implican un crecimiento del 22,2% en comparaci\u00f3n con el a\u00f1o anterior. &#8220;La ciudadan\u00eda est\u00e1 reconociendo que el \u00e1mbito educativo es un espacio donde los derechos deben ser protegidos con la misma fuerza que en cualquier otra dimensi\u00f3n de la vida social&#8221;, se\u00f1al\u00f3 la superintendenta (s) de Educaci\u00f3n, Marggie Mu\u00f1oz Ver\u00f3n.<\/p>\n<p>La tasa general de denuncias de convivencia tambi\u00e9n experiment\u00f3 modificaciones. La educaci\u00f3n p\u00fablica (municipal y Servicios Locales) registr\u00f3 5.582 denuncias (32,7% del total), con una tasa de 45 denuncias por cada 10 mil estudiantes. Mientras que los establecimientos particulares subvencionados concentraron 9.154 denuncias (53,6% del total), con una tasa de 47,9 por cada 10 mil estudiantes. Por otro lado, el sector particular pagado registr\u00f3 1.819 casos (10,7% del total), con una tasa de 52,6 denuncias por cada 10 mil estudiantes.<\/p>\n<p>En cuanto a tem\u00e1ticas, el maltrato a p\u00e1rvulos y estudiantes sigue siendo la categor\u00eda m\u00e1s frecuente, con 9.299 casos (54,5% del total). Sin embargo, su participaci\u00f3n relativa ha disminuido desde 2022, cuando representaba el 62,8%. Las denuncias por discriminaci\u00f3n pasaron de 2.042 casos en 2024 a 2.869 en 2025 (+40,5%), acumulando un aumento del 135,2% respecto a 2022.<\/p>\n<p>Las denuncias por maltrato a miembros adultos de la comunidad educativa aumentaron de 536 en 2024 a 716 casos en 2025 (+33,6%), mientras que las asociadas a medidas disciplinarias crecieron de 1.530 a 1.881 (+22,9%). Las referidas a instancias de participaci\u00f3n subieron de 294 a 388 (+32,0%).<\/p>\n<p>En contraste, la tem\u00e1tica de retenci\u00f3n de documentos fue la \u00fanica que present\u00f3 una disminuci\u00f3n interanual (-8,2%).<\/p>\n<p>Frente a este escenario, la Superintendencia ha impulsado nuevas estrategias para abordar las denuncias, destacando la &#8220;gesti\u00f3n colaborativa de conflictos&#8221;, que busca promover la mediaci\u00f3n y la conciliaci\u00f3n como herramientas preventivas. El objetivo es orientar y capacitar a las comunidades educativas, dejando atr\u00e1s la idea de que el rol institucional es \u00fanicamente punitivo.<\/p>\n<p>&#8220;Queremos que las comunidades educativas comprendan que la Superintendencia no s\u00f3lo sanciona, sino que tambi\u00e9n acompa\u00f1e y orienta. Nuestro prop\u00f3sito es que cada estudiante viva su trayectoria educativa en ambientes seguros, inclusivos y respetuosos&#8221;, enfatiz\u00f3 Marggie Mu\u00f1oz.<\/p>\n","protected":false},"excerpt":{"rendered":"<p>La Superintendencia de Educaci\u00f3n present\u00f3 el informe de denuncias ciudadanas ingresadas entre 2022 y 2025 enmarcadas en recintos educativos, demostrando que s\u00f3lo en 2025 se registraron 22.680 denuncias, concentr\u00e1ndose 17.076 casos \u00fanicamente en el \u00e1mbito de convivencia escolar (75,3% del total). Este aumento no puede entenderse \u00fanicamente como un alza en los conflictos, seg\u00fan explica [&hellip;]<\/p>\n","protected":false},"author":2,"featured_media":9076,"comment_status":"closed","ping_status":"open","sticky":false,"template":"","format":"standard","meta":{"_jetpack_memberships_contains_paid_content":false,"jnews-multi-image_gallery":[],"jnews_single_post":[],"jnews_primary_category":[],"jnews_social_meta":[],"jnews_paywall_metabox":[],"jnews_review":[],"enable_review":"","type":"","name":"","summary":"","brand":"","sku":"","good":[],"bad":[],"score_override":"","override_value":"","rating":[],"price":[],"jnews_override_counter":[],"jnews_post_split":[],"footnotes":""},"categories":[21],"tags":[],"class_list":["post-23613","post","type-post","status-publish","format-standard","has-post-thumbnail","hentry","category-nacional"],"jetpack_featured_media_url":"https:\/\/laserenaradio.cl\/web\/wp-content\/uploads\/2024\/12\/laserenaradio_nacional.webp","jetpack_sharing_enabled":true,"_links":{"self":[{"href":"https:\/\/laserenaradio.cl\/web\/wp-json\/wp\/v2\/posts\/23613","targetHints":{"allow":["GET"]}}],"collection":[{"href":"https:\/\/laserenaradio.cl\/web\/wp-json\/wp\/v2\/posts"}],"about":[{"href":"https:\/\/laserenaradio.cl\/web\/wp-json\/wp\/v2\/types\/post"}],"author":[{"embeddable":true,"href":"https:\/\/laserenaradio.cl\/web\/wp-json\/wp\/v2\/users\/2"}],"replies":[{"embeddable":true,"href":"https:\/\/laserenaradio.cl\/web\/wp-json\/wp\/v2\/comments?post=23613"}],"version-history":[{"count":1,"href":"https:\/\/laserenaradio.cl\/web\/wp-json\/wp\/v2\/posts\/23613\/revisions"}],"predecessor-version":[{"id":23614,"href":"https:\/\/laserenaradio.cl\/web\/wp-json\/wp\/v2\/posts\/23613\/revisions\/23614"}],"wp:featuredmedia":[{"embeddable":true,"href":"https:\/\/laserenaradio.cl\/web\/wp-json\/wp\/v2\/media\/9076"}],"wp:attachment":[{"href":"https:\/\/laserenaradio.cl\/web\/wp-json\/wp\/v2\/media?parent=23613"}],"wp:term":[{"taxonomy":"category","embeddable":true,"href":"https:\/\/laserenaradio.cl\/web\/wp-json\/wp\/v2\/categories?post=23613"},{"taxonomy":"post_tag","embeddable":true,"href":"https:\/\/laserenaradio.cl\/web\/wp-json\/wp\/v2\/tags?post=23613"}],"curies":[{"name":"wp","href":"https:\/\/api.w.org\/{rel}","templated":true}]}}