{"id":23611,"date":"2026-02-10T22:59:36","date_gmt":"2026-02-11T01:59:36","guid":{"rendered":"https:\/\/laserenaradio.cl\/web\/?p=23611"},"modified":"2026-02-10T22:59:36","modified_gmt":"2026-02-11T01:59:36","slug":"gas-pimienta-y-colapso-de-transito-durante-la-hora-copec-en-la-serena","status":"publish","type":"post","link":"https:\/\/laserenaradio.cl\/web\/2026\/02\/10\/gas-pimienta-y-colapso-de-transito-durante-la-hora-copec-en-la-serena\/","title":{"rendered":"Gas pimienta y colapso de tr\u00e1nsito durante &#8220;La Hora Copec&#8221; en La Serena"},"content":{"rendered":"<p>Un verdadero caos se registr\u00f3 en la estaci\u00f3n Copec de 4 Esquinas, en La Serena, regi\u00f3n de Coquimbo, durante \u201cLa Hora Copec\u201d. All\u00ed, un conductor, ofuscado por la extensa fila y discusiones en ese contexto, lanz\u00f3 gas pimienta a otros automovilistas que esperaban su turno. El colapso del tr\u00e1nsito abarc\u00f3 varias cuadras, tanto de ida como de vuelta.<\/p>\n<p>La congesti\u00f3n y el alboroto generaron un clima de tensi\u00f3n entre las personas que intentaban acceder al combustible gratuito. En medio de la confusi\u00f3n, un sujeto a bordo de una camioneta Durango accion\u00f3 el irritante. Un testigo relat\u00f3 los hechos en redes sociales: \u201cUna persona estaba muy intolerante y le roci\u00f3 gas pimienta a algunos chicos de algunos autos que estaban ah\u00ed estacionados\u201d, dijo.<\/p>\n<p>El mismo usuario pregunt\u00f3 a los afectados por el agresor, \u201c\u00bfSabes en qu\u00e9 auto estaba? En una Dodge Durango. \u00bfHombre mayor? S\u00ed\u201d, se escucha en el intercambio de palabras. De acuerdo con el testigo, el efecto del gas pimienta se esparci\u00f3 m\u00e1s all\u00e1 del punto directo del ataque y persist\u00eda en el ambiente: \u201cMientras yo estaba ah\u00ed, siento un picor. Porque mientras ellos se lavaban, estaba en el aire. Es muy fuerte\u201d, declar\u00f3.<\/p>\n<p>Producto de la congesti\u00f3n vehicular, <a href=\"https:\/\/www.carabineros.cl\/\">Carabineros<\/a> lleg\u00f3 al lugar para controlar la situaci\u00f3n entre los conductores y restablecer el orden. Todo se debi\u00f3 a \u201cLa Hora Copec\u201d, una promoci\u00f3n in\u00e9dita de la empresa Copec, que regala combustible durante una hora diaria en una estaci\u00f3n de servicio seleccionada. La primera jornada fue en Rancagua y este martes en La Serena.<\/p>\n<p>La compa\u00f1\u00eda detall\u00f3 que la promoci\u00f3n funciona entre las 16:00 y las 17:00 horas, pero solo en una estaci\u00f3n distinta cada d\u00eda.<\/p>\n","protected":false},"excerpt":{"rendered":"<p>Un verdadero caos se registr\u00f3 en la estaci\u00f3n Copec de 4 Esquinas, en La Serena, regi\u00f3n de Coquimbo, durante \u201cLa Hora Copec\u201d. All\u00ed, un conductor, ofuscado por la extensa fila y discusiones en ese contexto, lanz\u00f3 gas pimienta a otros automovilistas que esperaban su turno. El colapso del tr\u00e1nsito abarc\u00f3 varias cuadras, tanto de ida [&hellip;]<\/p>\n","protected":false},"author":2,"featured_media":9076,"comment_status":"closed","ping_status":"open","sticky":false,"template":"","format":"standard","meta":{"_jetpack_memberships_contains_paid_content":false,"jnews-multi-image_gallery":[],"jnews_single_post":[],"jnews_primary_category":[],"jnews_social_meta":[],"jnews_paywall_metabox":[],"jnews_review":[],"enable_review":"","type":"","name":"","summary":"","brand":"","sku":"","good":[],"bad":[],"score_override":"","override_value":"","rating":[],"price":[],"jnews_override_counter":[],"jnews_post_split":[],"footnotes":""},"categories":[21],"tags":[],"class_list":["post-23611","post","type-post","status-publish","format-standard","has-post-thumbnail","hentry","category-nacional"],"jetpack_featured_media_url":"https:\/\/laserenaradio.cl\/web\/wp-content\/uploads\/2024\/12\/laserenaradio_nacional.webp","jetpack_sharing_enabled":true,"_links":{"self":[{"href":"https:\/\/laserenaradio.cl\/web\/wp-json\/wp\/v2\/posts\/23611","targetHints":{"allow":["GET"]}}],"collection":[{"href":"https:\/\/laserenaradio.cl\/web\/wp-json\/wp\/v2\/posts"}],"about":[{"href":"https:\/\/laserenaradio.cl\/web\/wp-json\/wp\/v2\/types\/post"}],"author":[{"embeddable":true,"href":"https:\/\/laserenaradio.cl\/web\/wp-json\/wp\/v2\/users\/2"}],"replies":[{"embeddable":true,"href":"https:\/\/laserenaradio.cl\/web\/wp-json\/wp\/v2\/comments?post=23611"}],"version-history":[{"count":1,"href":"https:\/\/laserenaradio.cl\/web\/wp-json\/wp\/v2\/posts\/23611\/revisions"}],"predecessor-version":[{"id":23612,"href":"https:\/\/laserenaradio.cl\/web\/wp-json\/wp\/v2\/posts\/23611\/revisions\/23612"}],"wp:featuredmedia":[{"embeddable":true,"href":"https:\/\/laserenaradio.cl\/web\/wp-json\/wp\/v2\/media\/9076"}],"wp:attachment":[{"href":"https:\/\/laserenaradio.cl\/web\/wp-json\/wp\/v2\/media?parent=23611"}],"wp:term":[{"taxonomy":"category","embeddable":true,"href":"https:\/\/laserenaradio.cl\/web\/wp-json\/wp\/v2\/categories?post=23611"},{"taxonomy":"post_tag","embeddable":true,"href":"https:\/\/laserenaradio.cl\/web\/wp-json\/wp\/v2\/tags?post=23611"}],"curies":[{"name":"wp","href":"https:\/\/api.w.org\/{rel}","templated":true}]}}