{"id":23609,"date":"2026-02-10T21:15:39","date_gmt":"2026-02-11T00:15:39","guid":{"rendered":"https:\/\/laserenaradio.cl\/web\/?p=23609"},"modified":"2026-02-10T21:15:39","modified_gmt":"2026-02-11T00:15:39","slug":"carabineros-detiene-a-5-personas-por-maltrato-animal-y-otros-delitos","status":"publish","type":"post","link":"https:\/\/laserenaradio.cl\/web\/2026\/02\/10\/carabineros-detiene-a-5-personas-por-maltrato-animal-y-otros-delitos\/","title":{"rendered":"Carabineros detiene a 5 personas por maltrato animal y otros delitos"},"content":{"rendered":"<p>Tres mujeres y dos hombres fueron detenidos por una denuncia de maltrato animal que ocurri\u00f3 en avenida Lo Marcoleta, ubicada en la comuna de Quilicura. Personal policial determin\u00f3 que en el sector se desarrollaban tiradas de caballos, apuestas ilegales y consumo de alcohol.<\/p>\n<p>Los uniformados aprehendieron a estos sujetos que son presuntamente responsables por los hechos denunciados. En el lugar se encontr\u00f3 a un equino con distintas heridas producto de estas pr\u00e1cticas. Tambi\u00e9n se incaut\u00f3 una gran cantidad de alcohol, algunas plantas de marihuana e incluso un veh\u00edculo con encargo vigente por robo.<\/p>\n<p>Las cinco personas fueron formalizadas y se espera conocer las medidas cautelares que decretar\u00e1 el tribunal. Dos de los detenidos terminaron con arraigo nacional y con prohibici\u00f3n de acercarse al lugar.<\/p>\n<p><a href=\"https:\/\/www.carabineros.cl\/\">Carabineros<\/a> hizo un llamado a realizar las denuncias correspondientes cuando ocurran casos de maltrato animal.<\/p>\n","protected":false},"excerpt":{"rendered":"<p>Tres mujeres y dos hombres fueron detenidos por una denuncia de maltrato animal que ocurri\u00f3 en avenida Lo Marcoleta, ubicada en la comuna de Quilicura. Personal policial determin\u00f3 que en el sector se desarrollaban tiradas de caballos, apuestas ilegales y consumo de alcohol. Los uniformados aprehendieron a estos sujetos que son presuntamente responsables por los [&hellip;]<\/p>\n","protected":false},"author":2,"featured_media":23608,"comment_status":"closed","ping_status":"open","sticky":false,"template":"","format":"standard","meta":{"_jetpack_memberships_contains_paid_content":false,"jnews-multi-image_gallery":[],"jnews_single_post":[],"jnews_primary_category":[],"jnews_social_meta":[],"jnews_paywall_metabox":[],"jnews_review":[],"enable_review":"","type":"","name":"","summary":"","brand":"","sku":"","good":[],"bad":[],"score_override":"","override_value":"","rating":[],"price":[],"jnews_override_counter":[],"jnews_post_split":[],"footnotes":""},"categories":[21],"tags":[],"class_list":["post-23609","post","type-post","status-publish","format-standard","has-post-thumbnail","hentry","category-nacional"],"jetpack_featured_media_url":"https:\/\/laserenaradio.cl\/web\/wp-content\/uploads\/2026\/02\/mediapiaiextstaticimg_webpcarabinerosCarabinerosInvestigacionesPolicialesPuertoMontt_1.webp","jetpack_sharing_enabled":true,"_links":{"self":[{"href":"https:\/\/laserenaradio.cl\/web\/wp-json\/wp\/v2\/posts\/23609","targetHints":{"allow":["GET"]}}],"collection":[{"href":"https:\/\/laserenaradio.cl\/web\/wp-json\/wp\/v2\/posts"}],"about":[{"href":"https:\/\/laserenaradio.cl\/web\/wp-json\/wp\/v2\/types\/post"}],"author":[{"embeddable":true,"href":"https:\/\/laserenaradio.cl\/web\/wp-json\/wp\/v2\/users\/2"}],"replies":[{"embeddable":true,"href":"https:\/\/laserenaradio.cl\/web\/wp-json\/wp\/v2\/comments?post=23609"}],"version-history":[{"count":1,"href":"https:\/\/laserenaradio.cl\/web\/wp-json\/wp\/v2\/posts\/23609\/revisions"}],"predecessor-version":[{"id":23610,"href":"https:\/\/laserenaradio.cl\/web\/wp-json\/wp\/v2\/posts\/23609\/revisions\/23610"}],"wp:featuredmedia":[{"embeddable":true,"href":"https:\/\/laserenaradio.cl\/web\/wp-json\/wp\/v2\/media\/23608"}],"wp:attachment":[{"href":"https:\/\/laserenaradio.cl\/web\/wp-json\/wp\/v2\/media?parent=23609"}],"wp:term":[{"taxonomy":"category","embeddable":true,"href":"https:\/\/laserenaradio.cl\/web\/wp-json\/wp\/v2\/categories?post=23609"},{"taxonomy":"post_tag","embeddable":true,"href":"https:\/\/laserenaradio.cl\/web\/wp-json\/wp\/v2\/tags?post=23609"}],"curies":[{"name":"wp","href":"https:\/\/api.w.org\/{rel}","templated":true}]}}