{"id":23598,"date":"2026-02-10T20:57:04","date_gmt":"2026-02-10T23:57:04","guid":{"rendered":"https:\/\/laserenaradio.cl\/web\/?p=23598"},"modified":"2026-02-10T20:57:04","modified_gmt":"2026-02-10T23:57:04","slug":"detenidas-por-agredir-a-personas-con-discapacidad-intelectual","status":"publish","type":"post","link":"https:\/\/laserenaradio.cl\/web\/2026\/02\/10\/detenidas-por-agredir-a-personas-con-discapacidad-intelectual\/","title":{"rendered":"Detenidas por agredir a personas con discapacidad intelectual"},"content":{"rendered":"<p>Dos cuidadoras fueron detenidas por personal de <a href=\"https:\/\/www.carabineros.cl\/\">Carabineros<\/a> debido a agresiones contra seis personas con discapacidad intelectual en un recinto ubicado en calle Villaseca, \u00d1u\u00f1oa. Vecinos del sector grabaron las agresiones desde los segundos pisos de sus viviendas y denunciaron el hecho. Por instrucci\u00f3n de la <a href=\"https:\/\/www.fiscaliadechile.cl\/\">Fiscal\u00eda<\/a>, funcionarios aprehendieron a las dos cuidadoras. <\/p>\n<p>Vecinos relataron que a\u00f1os atr\u00e1s en el inmueble se cuidaba a adultos mayores, pero tambi\u00e9n se se\u00f1alaron situaciones similares de agresi\u00f3n. Las personas violentadas ser\u00e1n trasladadas hasta un recinto m\u00e9dico para constatar sus lesiones y se est\u00e1n contactando con sus familiares.<\/p>\n<p>Durante este mes, vecinos indicaron que se generaban gritos y agresiones, y en algunas ocasiones las detenidas cerraban las ventanas para evitar una alerta. Claudio, un testigo, mencion\u00f3 que hace varios d\u00edas hab\u00eda denuncias sobre malos tratos a los ocupantes de la casa, y &#8220;hoy d\u00eda explot\u00f3 todo&#8221;. &#8220;Lo \u00fanico que pude hacer fue tratar de hacer una funa en Instagram y tratar de mover las redes. Se logr\u00f3 hacer algo, se etiquetaron a varias personas y al final se pudo hacer algo&#8221;, coment\u00f3.<\/p>\n<p>Sof\u00eda Ja\u00f1a, directora de la Direcci\u00f3n de Desarrollo Comunitario de la Municipalidad de \u00d1u\u00f1oa, afirm\u00f3 que el recinto no cuenta con las patentes para funcionar y trabajar con las personas que se encontraban en el inmueble. &#8220;Gracias a las denuncias de los vecinos y vecinas de la comuna de \u00d1u\u00f1oa, es que Seguridad P\u00fablica se acerca al lugar en horas de la ma\u00f1ana; y es cuando se toma en contacto con <a href=\"https:\/\/www.carabineros.cl\/\">Carabineros<\/a>&#8220;, resalt\u00f3.<\/p>\n","protected":false},"excerpt":{"rendered":"<p>Dos cuidadoras fueron detenidas por personal de Carabineros debido a agresiones contra seis personas con discapacidad intelectual en un recinto ubicado en calle Villaseca, \u00d1u\u00f1oa. Vecinos del sector grabaron las agresiones desde los segundos pisos de sus viviendas y denunciaron el hecho. Por instrucci\u00f3n de la Fiscal\u00eda, funcionarios aprehendieron a las dos cuidadoras. Vecinos relataron [&hellip;]<\/p>\n","protected":false},"author":2,"featured_media":23597,"comment_status":"closed","ping_status":"open","sticky":false,"template":"","format":"standard","meta":{"_jetpack_memberships_contains_paid_content":false,"jnews-multi-image_gallery":[],"jnews_single_post":[],"jnews_primary_category":[],"jnews_social_meta":[],"jnews_paywall_metabox":[],"jnews_review":[],"enable_review":"","type":"","name":"","summary":"","brand":"","sku":"","good":[],"bad":[],"score_override":"","override_value":"","rating":[],"price":[],"jnews_override_counter":[],"jnews_post_split":[],"footnotes":""},"categories":[21],"tags":[],"class_list":["post-23598","post","type-post","status-publish","format-standard","has-post-thumbnail","hentry","category-nacional"],"jetpack_featured_media_url":"https:\/\/laserenaradio.cl\/web\/wp-content\/uploads\/2026\/02\/mediapiaiextstaticimg_webpDetenidaspersonas_1.webp","jetpack_sharing_enabled":true,"_links":{"self":[{"href":"https:\/\/laserenaradio.cl\/web\/wp-json\/wp\/v2\/posts\/23598","targetHints":{"allow":["GET"]}}],"collection":[{"href":"https:\/\/laserenaradio.cl\/web\/wp-json\/wp\/v2\/posts"}],"about":[{"href":"https:\/\/laserenaradio.cl\/web\/wp-json\/wp\/v2\/types\/post"}],"author":[{"embeddable":true,"href":"https:\/\/laserenaradio.cl\/web\/wp-json\/wp\/v2\/users\/2"}],"replies":[{"embeddable":true,"href":"https:\/\/laserenaradio.cl\/web\/wp-json\/wp\/v2\/comments?post=23598"}],"version-history":[{"count":1,"href":"https:\/\/laserenaradio.cl\/web\/wp-json\/wp\/v2\/posts\/23598\/revisions"}],"predecessor-version":[{"id":23599,"href":"https:\/\/laserenaradio.cl\/web\/wp-json\/wp\/v2\/posts\/23598\/revisions\/23599"}],"wp:featuredmedia":[{"embeddable":true,"href":"https:\/\/laserenaradio.cl\/web\/wp-json\/wp\/v2\/media\/23597"}],"wp:attachment":[{"href":"https:\/\/laserenaradio.cl\/web\/wp-json\/wp\/v2\/media?parent=23598"}],"wp:term":[{"taxonomy":"category","embeddable":true,"href":"https:\/\/laserenaradio.cl\/web\/wp-json\/wp\/v2\/categories?post=23598"},{"taxonomy":"post_tag","embeddable":true,"href":"https:\/\/laserenaradio.cl\/web\/wp-json\/wp\/v2\/tags?post=23598"}],"curies":[{"name":"wp","href":"https:\/\/api.w.org\/{rel}","templated":true}]}}