{"id":23595,"date":"2026-02-10T12:22:04","date_gmt":"2026-02-10T15:22:04","guid":{"rendered":"https:\/\/laserenaradio.cl\/web\/?p=23595"},"modified":"2026-02-10T12:22:04","modified_gmt":"2026-02-10T15:22:04","slug":"prohibido-el-bano-en-playas-de-valparaiso-por-presencia-de-fragata-portuguesa","status":"publish","type":"post","link":"https:\/\/laserenaradio.cl\/web\/2026\/02\/10\/prohibido-el-bano-en-playas-de-valparaiso-por-presencia-de-fragata-portuguesa\/","title":{"rendered":"Prohibido el ba\u00f1o en playas de Valpara\u00edso por presencia de fragata portuguesa"},"content":{"rendered":"<p>La Seremi de Salud de Valpara\u00edso actualiz\u00f3 el estado de las playas afectadas por la presencia de fragatas portuguesas en Santo Domingo. La medida, establecida mediante resoluci\u00f3n sanitaria, rige para los balnearios de Marbella, Santa Mar\u00eda del Mar, Santo Domingo Norte y Sur.<\/p>\n<p>Esta prohibici\u00f3n se adopt\u00f3 tras un informe de la Capitan\u00eda de Puerto, que detect\u00f3 un n\u00famero significativo de ejemplares en el sector. El Capit\u00e1n de Puerto Roberto Ascencio reiter\u00f3 el llamado a respetar la se\u00f1alizaci\u00f3n y evitar cualquier contacto con estas criaturas, considerando su alto nivel de toxicidad.<\/p>\n<p>Por su parte, el alcalde Fernando Rodr\u00edguez valor\u00f3 la coordinaci\u00f3n entre organismos p\u00fablicos y recalc\u00f3 la importancia de la prevenci\u00f3n para resguardar la seguridad de residentes y visitantes durante la temporada estival.<\/p>\n<p>La Seremi record\u00f3 que la fragata portuguesa puede provocar dolor intenso y quemaduras al contacto. En caso de picadura, se debe lavar la zona con agua de mar, retirar cuidadosamente los tent\u00e1culos visibles y acudir a un centro asistencial si los s\u00edntomas persisten.<\/p>\n<p>Adem\u00e1s, el fono Salud Responde est\u00e1 disponible para orientaci\u00f3n a la ciudadan\u00eda. Las autoridades insistieron en informarse \u00fanicamente por canales oficiales antes de acudir a las playas y respetar las restricciones vigentes, las que se mantendr\u00e1n mientras persista el riesgo para la poblaci\u00f3n.<\/p>\n<p>La fragata portuguesa, una hidrozoo altamente toxicosa, es motivo de precauci\u00f3n en estos balnearios.<\/p>\n","protected":false},"excerpt":{"rendered":"<p>La Seremi de Salud de Valpara\u00edso actualiz\u00f3 el estado de las playas afectadas por la presencia de fragatas portuguesas en Santo Domingo. La medida, establecida mediante resoluci\u00f3n sanitaria, rige para los balnearios de Marbella, Santa Mar\u00eda del Mar, Santo Domingo Norte y Sur. Esta prohibici\u00f3n se adopt\u00f3 tras un informe de la Capitan\u00eda de Puerto, [&hellip;]<\/p>\n","protected":false},"author":2,"featured_media":23594,"comment_status":"closed","ping_status":"open","sticky":false,"template":"","format":"standard","meta":{"_jetpack_memberships_contains_paid_content":false,"jnews-multi-image_gallery":[],"jnews_single_post":[],"jnews_primary_category":[],"jnews_social_meta":[],"jnews_paywall_metabox":[],"jnews_review":[],"enable_review":"","type":"","name":"","summary":"","brand":"","sku":"","good":[],"bad":[],"score_override":"","override_value":"","rating":[],"price":[],"jnews_override_counter":[],"jnews_post_split":[],"footnotes":""},"categories":[21],"tags":[],"class_list":["post-23595","post","type-post","status-publish","format-standard","has-post-thumbnail","hentry","category-nacional"],"jetpack_featured_media_url":"https:\/\/laserenaradio.cl\/web\/wp-content\/uploads\/2026\/02\/mediapiaiextstaticimg_webpplayasfragataportuguesapresencia_0.webp","jetpack_sharing_enabled":true,"_links":{"self":[{"href":"https:\/\/laserenaradio.cl\/web\/wp-json\/wp\/v2\/posts\/23595","targetHints":{"allow":["GET"]}}],"collection":[{"href":"https:\/\/laserenaradio.cl\/web\/wp-json\/wp\/v2\/posts"}],"about":[{"href":"https:\/\/laserenaradio.cl\/web\/wp-json\/wp\/v2\/types\/post"}],"author":[{"embeddable":true,"href":"https:\/\/laserenaradio.cl\/web\/wp-json\/wp\/v2\/users\/2"}],"replies":[{"embeddable":true,"href":"https:\/\/laserenaradio.cl\/web\/wp-json\/wp\/v2\/comments?post=23595"}],"version-history":[{"count":1,"href":"https:\/\/laserenaradio.cl\/web\/wp-json\/wp\/v2\/posts\/23595\/revisions"}],"predecessor-version":[{"id":23596,"href":"https:\/\/laserenaradio.cl\/web\/wp-json\/wp\/v2\/posts\/23595\/revisions\/23596"}],"wp:featuredmedia":[{"embeddable":true,"href":"https:\/\/laserenaradio.cl\/web\/wp-json\/wp\/v2\/media\/23594"}],"wp:attachment":[{"href":"https:\/\/laserenaradio.cl\/web\/wp-json\/wp\/v2\/media?parent=23595"}],"wp:term":[{"taxonomy":"category","embeddable":true,"href":"https:\/\/laserenaradio.cl\/web\/wp-json\/wp\/v2\/categories?post=23595"},{"taxonomy":"post_tag","embeddable":true,"href":"https:\/\/laserenaradio.cl\/web\/wp-json\/wp\/v2\/tags?post=23595"}],"curies":[{"name":"wp","href":"https:\/\/api.w.org\/{rel}","templated":true}]}}