{"id":23589,"date":"2026-02-10T08:13:52","date_gmt":"2026-02-10T11:13:52","guid":{"rendered":"https:\/\/laserenaradio.cl\/web\/?p=23589"},"modified":"2026-02-10T08:13:52","modified_gmt":"2026-02-10T11:13:52","slug":"dos-carabineros-resultaron-heridos-tras-persecucion-y-tiroteo-en-la-legua","status":"publish","type":"post","link":"https:\/\/laserenaradio.cl\/web\/2026\/02\/10\/dos-carabineros-resultaron-heridos-tras-persecucion-y-tiroteo-en-la-legua\/","title":{"rendered":"Dos Carabineros resultaron heridos tras persecuci\u00f3n y tiroteo en La Legua"},"content":{"rendered":"<p>Dos funcionarios de <a href=\"https:\/\/www.carabineros.cl\/\">Carabineros<\/a> resultaron heridos tras ser atacados a disparos durante una persecuci\u00f3n en La Legua, San Joaqu\u00edn. Pasadas las 2:00 de la madrugada de este martes, auditores se comunicaron con La Radio debido a un importante contingente policial en la mencionada comuna.<\/p>\n<p>Todo se origin\u00f3 cuando <a href=\"https:\/\/www.carabineros.cl\/\">Carabineros<\/a> realizaba patrullajes y se percat\u00f3 de la presencia de una banda que exhib\u00eda armas de fuego al interior de un veh\u00edculo. Los funcionarios intentaron detener a los ocupantes, pero estos huyeron, lo que gener\u00f3 una persecuci\u00f3n.<\/p>\n<p>En el seguimiento, los delincuentes dispararon en contra de una patrulla policial, lo que gener\u00f3 que dos carabineros resultaran con lesiones leves. Uno qued\u00f3 con una contusi\u00f3n en el hombro y el segundo con diversos cortes en su rostro por esquirlas de vidrio.<\/p>\n<p>Hasta el lugar fue necesaria la concurrencia del equipo de Control de Orden P\u00fablico con el fin de intentar detener a los autores de los disparos, pero de momento no ha sido posible ubicarlos. <\/p>\n<p>Los funcionarios se encuentran en el hospital institucional, donde se mantienen en observaci\u00f3n debido a las lesiones ocasionadas.<\/p>\n<p>De momento, la instituci\u00f3n policial no se ha referido a este procedimiento.<\/p>\n","protected":false},"excerpt":{"rendered":"<p>Dos funcionarios de Carabineros resultaron heridos tras ser atacados a disparos durante una persecuci\u00f3n en La Legua, San Joaqu\u00edn. Pasadas las 2:00 de la madrugada de este martes, auditores se comunicaron con La Radio debido a un importante contingente policial en la mencionada comuna. Todo se origin\u00f3 cuando Carabineros realizaba patrullajes y se percat\u00f3 de [&hellip;]<\/p>\n","protected":false},"author":2,"featured_media":23588,"comment_status":"closed","ping_status":"open","sticky":false,"template":"","format":"standard","meta":{"_jetpack_memberships_contains_paid_content":false,"jnews-multi-image_gallery":[],"jnews_single_post":[],"jnews_primary_category":[],"jnews_social_meta":[],"jnews_paywall_metabox":[],"jnews_review":[],"enable_review":"","type":"","name":"","summary":"","brand":"","sku":"","good":[],"bad":[],"score_override":"","override_value":"","rating":[],"price":[],"jnews_override_counter":[],"jnews_post_split":[],"footnotes":""},"categories":[21],"tags":[],"class_list":["post-23589","post","type-post","status-publish","format-standard","has-post-thumbnail","hentry","category-nacional"],"jetpack_featured_media_url":"https:\/\/laserenaradio.cl\/web\/wp-content\/uploads\/2026\/02\/mediapiaiextstaticimg_webpcarabinerosCarabinerosasaltointimidaron_1.webp","jetpack_sharing_enabled":true,"_links":{"self":[{"href":"https:\/\/laserenaradio.cl\/web\/wp-json\/wp\/v2\/posts\/23589","targetHints":{"allow":["GET"]}}],"collection":[{"href":"https:\/\/laserenaradio.cl\/web\/wp-json\/wp\/v2\/posts"}],"about":[{"href":"https:\/\/laserenaradio.cl\/web\/wp-json\/wp\/v2\/types\/post"}],"author":[{"embeddable":true,"href":"https:\/\/laserenaradio.cl\/web\/wp-json\/wp\/v2\/users\/2"}],"replies":[{"embeddable":true,"href":"https:\/\/laserenaradio.cl\/web\/wp-json\/wp\/v2\/comments?post=23589"}],"version-history":[{"count":1,"href":"https:\/\/laserenaradio.cl\/web\/wp-json\/wp\/v2\/posts\/23589\/revisions"}],"predecessor-version":[{"id":23590,"href":"https:\/\/laserenaradio.cl\/web\/wp-json\/wp\/v2\/posts\/23589\/revisions\/23590"}],"wp:featuredmedia":[{"embeddable":true,"href":"https:\/\/laserenaradio.cl\/web\/wp-json\/wp\/v2\/media\/23588"}],"wp:attachment":[{"href":"https:\/\/laserenaradio.cl\/web\/wp-json\/wp\/v2\/media?parent=23589"}],"wp:term":[{"taxonomy":"category","embeddable":true,"href":"https:\/\/laserenaradio.cl\/web\/wp-json\/wp\/v2\/categories?post=23589"},{"taxonomy":"post_tag","embeddable":true,"href":"https:\/\/laserenaradio.cl\/web\/wp-json\/wp\/v2\/tags?post=23589"}],"curies":[{"name":"wp","href":"https:\/\/api.w.org\/{rel}","templated":true}]}}