{"id":23586,"date":"2026-02-10T08:10:08","date_gmt":"2026-02-10T11:10:08","guid":{"rendered":"https:\/\/laserenaradio.cl\/web\/?p=23586"},"modified":"2026-02-10T08:10:08","modified_gmt":"2026-02-10T11:10:08","slug":"sismo-de-menor-intensidad-3-1-se-percibio-a-66-km-al-n-de-calama","status":"publish","type":"post","link":"https:\/\/laserenaradio.cl\/web\/2026\/02\/10\/sismo-de-menor-intensidad-3-1-se-percibio-a-66-km-al-n-de-calama\/","title":{"rendered":"Sismo de menor intensidad 3.1 se percibi\u00f3 a 66 km al N de Calama"},"content":{"rendered":"<p>Un movimiento s\u00edsmico ha sido registrado a las 07:18 horas (hora local).<\/p>\n<p>De acuerdo a la informaci\u00f3n oficial proporcionada por el <a href=\"https:\/\/www.sismologia.cl\/\" rel=\"nofollow\" target=\"_blank\">Centro Sismol\u00f3gico Nacional<\/a>, el evento tel\u00farico tuvo una magnitud de 3.1 Mlv grados.<\/p>\n<p>El epicentro fue localizado a 66 km al N de Calama, con una profundidad de 120 km.<\/p>\n<h3>Evaluaci\u00f3n de afectaci\u00f3n<\/h3>\n<p>Los organismos de emergencia del Sistema Nacional de Prevenci\u00f3n y Respuesta ante Desastres (SENAPRED) se encuentran monitoreando la situaci\u00f3n para evaluar eventuales da\u00f1os a personas, alteraci\u00f3n a servicios b\u00e1sicos o infraestructura producto de este sismo.<\/p>\n","protected":false},"excerpt":{"rendered":"<p>Un movimiento s\u00edsmico ha sido registrado a las 07:18 horas (hora local). De acuerdo a la informaci\u00f3n oficial proporcionada por el Centro Sismol\u00f3gico Nacional, el evento tel\u00farico tuvo una magnitud de 3.1 Mlv grados. El epicentro fue localizado a 66 km al N de Calama, con una profundidad de 120 km. Evaluaci\u00f3n de afectaci\u00f3n Los [&hellip;]<\/p>\n","protected":false},"author":2,"featured_media":23585,"comment_status":"closed","ping_status":"open","sticky":false,"template":"","format":"standard","meta":{"_jetpack_memberships_contains_paid_content":false,"jnews-multi-image_gallery":[],"jnews_single_post":[],"jnews_primary_category":[],"jnews_social_meta":[],"jnews_paywall_metabox":[],"jnews_review":[],"enable_review":"","type":"","name":"","summary":"","brand":"","sku":"","good":[],"bad":[],"score_override":"","override_value":"","rating":[],"price":[],"jnews_override_counter":[],"jnews_post_split":[],"footnotes":""},"categories":[21],"tags":[],"class_list":["post-23586","post","type-post","status-publish","format-standard","has-post-thumbnail","hentry","category-nacional"],"jetpack_featured_media_url":"https:\/\/laserenaradio.cl\/web\/wp-content\/uploads\/2026\/02\/mediapiaiextstaticimg_sismossismo_20260210071832.webp","jetpack_sharing_enabled":true,"_links":{"self":[{"href":"https:\/\/laserenaradio.cl\/web\/wp-json\/wp\/v2\/posts\/23586","targetHints":{"allow":["GET"]}}],"collection":[{"href":"https:\/\/laserenaradio.cl\/web\/wp-json\/wp\/v2\/posts"}],"about":[{"href":"https:\/\/laserenaradio.cl\/web\/wp-json\/wp\/v2\/types\/post"}],"author":[{"embeddable":true,"href":"https:\/\/laserenaradio.cl\/web\/wp-json\/wp\/v2\/users\/2"}],"replies":[{"embeddable":true,"href":"https:\/\/laserenaradio.cl\/web\/wp-json\/wp\/v2\/comments?post=23586"}],"version-history":[{"count":1,"href":"https:\/\/laserenaradio.cl\/web\/wp-json\/wp\/v2\/posts\/23586\/revisions"}],"predecessor-version":[{"id":23587,"href":"https:\/\/laserenaradio.cl\/web\/wp-json\/wp\/v2\/posts\/23586\/revisions\/23587"}],"wp:featuredmedia":[{"embeddable":true,"href":"https:\/\/laserenaradio.cl\/web\/wp-json\/wp\/v2\/media\/23585"}],"wp:attachment":[{"href":"https:\/\/laserenaradio.cl\/web\/wp-json\/wp\/v2\/media?parent=23586"}],"wp:term":[{"taxonomy":"category","embeddable":true,"href":"https:\/\/laserenaradio.cl\/web\/wp-json\/wp\/v2\/categories?post=23586"},{"taxonomy":"post_tag","embeddable":true,"href":"https:\/\/laserenaradio.cl\/web\/wp-json\/wp\/v2\/tags?post=23586"}],"curies":[{"name":"wp","href":"https:\/\/api.w.org\/{rel}","templated":true}]}}