{"id":23583,"date":"2026-02-10T00:00:51","date_gmt":"2026-02-10T03:00:51","guid":{"rendered":"https:\/\/laserenaradio.cl\/web\/?p=23583"},"modified":"2026-02-10T00:00:51","modified_gmt":"2026-02-10T03:00:51","slug":"latam-reanuda-operaciones-hacia-caracas","status":"publish","type":"post","link":"https:\/\/laserenaradio.cl\/web\/2026\/02\/10\/latam-reanuda-operaciones-hacia-caracas\/","title":{"rendered":"LATAM reanuda operaciones hacia Caracas"},"content":{"rendered":"<p>La aerol\u00ednea LATAM reinici\u00f3 sus operaciones hacia Caracas, Venezuela, desde Santiago de Chile, ofreciendo rutas con conexiones a trav\u00e9s de Bogot\u00e1. A partir del 23 de febrero, la l\u00ednea a\u00e9rea planea vuelos semanales v\u00eda Bogot\u00e1 para viajeros que buscan llegar al pa\u00eds caribe\u00f1o. <\/p>\n<p>Desde el 1 de abril, LATAM proyect\u00f3 un crecimiento progresivo, llegando a operar un vuelo diario hacia Caracas, siempre y cuando se obtengan las apropiadas aprobaciones de las autoridades aeron\u00e1uticas.<\/p>\n","protected":false},"excerpt":{"rendered":"<p>La aerol\u00ednea LATAM reinici\u00f3 sus operaciones hacia Caracas, Venezuela, desde Santiago de Chile, ofreciendo rutas con conexiones a trav\u00e9s de Bogot\u00e1. A partir del 23 de febrero, la l\u00ednea a\u00e9rea planea vuelos semanales v\u00eda Bogot\u00e1 para viajeros que buscan llegar al pa\u00eds caribe\u00f1o. Desde el 1 de abril, LATAM proyect\u00f3 un crecimiento progresivo, llegando a [&hellip;]<\/p>\n","protected":false},"author":2,"featured_media":23582,"comment_status":"closed","ping_status":"open","sticky":false,"template":"","format":"standard","meta":{"_jetpack_memberships_contains_paid_content":false,"jnews-multi-image_gallery":[],"jnews_single_post":[],"jnews_primary_category":[],"jnews_social_meta":[],"jnews_paywall_metabox":[],"jnews_review":[],"enable_review":"","type":"","name":"","summary":"","brand":"","sku":"","good":[],"bad":[],"score_override":"","override_value":"","rating":[],"price":[],"jnews_override_counter":[],"jnews_post_split":[],"footnotes":""},"categories":[21],"tags":[],"class_list":["post-23583","post","type-post","status-publish","format-standard","has-post-thumbnail","hentry","category-nacional"],"jetpack_featured_media_url":"https:\/\/laserenaradio.cl\/web\/wp-content\/uploads\/2026\/02\/mediapiaiextstaticimg_webpLATAMCaracas_0.webp","jetpack_sharing_enabled":true,"_links":{"self":[{"href":"https:\/\/laserenaradio.cl\/web\/wp-json\/wp\/v2\/posts\/23583","targetHints":{"allow":["GET"]}}],"collection":[{"href":"https:\/\/laserenaradio.cl\/web\/wp-json\/wp\/v2\/posts"}],"about":[{"href":"https:\/\/laserenaradio.cl\/web\/wp-json\/wp\/v2\/types\/post"}],"author":[{"embeddable":true,"href":"https:\/\/laserenaradio.cl\/web\/wp-json\/wp\/v2\/users\/2"}],"replies":[{"embeddable":true,"href":"https:\/\/laserenaradio.cl\/web\/wp-json\/wp\/v2\/comments?post=23583"}],"version-history":[{"count":1,"href":"https:\/\/laserenaradio.cl\/web\/wp-json\/wp\/v2\/posts\/23583\/revisions"}],"predecessor-version":[{"id":23584,"href":"https:\/\/laserenaradio.cl\/web\/wp-json\/wp\/v2\/posts\/23583\/revisions\/23584"}],"wp:featuredmedia":[{"embeddable":true,"href":"https:\/\/laserenaradio.cl\/web\/wp-json\/wp\/v2\/media\/23582"}],"wp:attachment":[{"href":"https:\/\/laserenaradio.cl\/web\/wp-json\/wp\/v2\/media?parent=23583"}],"wp:term":[{"taxonomy":"category","embeddable":true,"href":"https:\/\/laserenaradio.cl\/web\/wp-json\/wp\/v2\/categories?post=23583"},{"taxonomy":"post_tag","embeddable":true,"href":"https:\/\/laserenaradio.cl\/web\/wp-json\/wp\/v2\/tags?post=23583"}],"curies":[{"name":"wp","href":"https:\/\/api.w.org\/{rel}","templated":true}]}}