{"id":23571,"date":"2026-02-09T23:50:33","date_gmt":"2026-02-10T02:50:33","guid":{"rendered":"https:\/\/laserenaradio.cl\/web\/?p=23571"},"modified":"2026-02-09T23:50:33","modified_gmt":"2026-02-10T02:50:33","slug":"detenido-militar-argentino-por-ingreso-ilegal-de-morteros-a-chile","status":"publish","type":"post","link":"https:\/\/laserenaradio.cl\/web\/2026\/02\/09\/detenido-militar-argentino-por-ingreso-ilegal-de-morteros-a-chile\/","title":{"rendered":"Detenido militar argentino por ingreso ilegal de morteros a Chile"},"content":{"rendered":"<p>Un militar argentino es detenido por ingreso ilegal de dos morteros a trav\u00e9s del paso fronterizo Los Libertadores en Valpara\u00edso. En una fiscalizaci\u00f3n realizada el domingo a las 07:30 horas, personal de Aduanas control\u00f3 a un sargento de Infanter\u00eda, identificado con las iniciales C.D.M., de 39 a\u00f1os. Un canino alert\u00f3 sobre la presencia de un objeto sospechoso en el portamaletas del veh\u00edculo, descubriendo una caja met\u00e1lica con inscripciones que alud\u00edan a &#8220;100 cartuchos calibre 12.7 mm&#8221;. La revisi\u00f3n detallada revel\u00f3 dos proyectiles similares a munici\u00f3n de mortero militar.<\/p>\n<p>Al ser entrevistado, el acusado admiti\u00f3 que se trataba de morteros y no recordaba su presencia en el recipiente met\u00e1lico. Formalizado ante el Juzgado de Garant\u00eda de Los Andes, fue dejado en libertad con medidas cautelares, firmando dos veces al mes. El plazo para la investigaci\u00f3n es de dos meses.<\/p>\n<p>Los morteros incautados fueron entregados al GOPE de Valpara\u00edso para pericias correspondientes.<\/p>\n","protected":false},"excerpt":{"rendered":"<p>Un militar argentino es detenido por ingreso ilegal de dos morteros a trav\u00e9s del paso fronterizo Los Libertadores en Valpara\u00edso. En una fiscalizaci\u00f3n realizada el domingo a las 07:30 horas, personal de Aduanas control\u00f3 a un sargento de Infanter\u00eda, identificado con las iniciales C.D.M., de 39 a\u00f1os. Un canino alert\u00f3 sobre la presencia de un [&hellip;]<\/p>\n","protected":false},"author":2,"featured_media":23570,"comment_status":"closed","ping_status":"open","sticky":false,"template":"","format":"standard","meta":{"_jetpack_memberships_contains_paid_content":false,"jnews-multi-image_gallery":[],"jnews_single_post":[],"jnews_primary_category":[],"jnews_social_meta":[],"jnews_paywall_metabox":[],"jnews_review":[],"enable_review":"","type":"","name":"","summary":"","brand":"","sku":"","good":[],"bad":[],"score_override":"","override_value":"","rating":[],"price":[],"jnews_override_counter":[],"jnews_post_split":[],"footnotes":""},"categories":[21],"tags":[],"class_list":["post-23571","post","type-post","status-publish","format-standard","has-post-thumbnail","hentry","category-nacional"],"jetpack_featured_media_url":"https:\/\/laserenaradio.cl\/web\/wp-content\/uploads\/2026\/02\/mediapiaiextstaticimg_webpmorterosmilitarargentinoingreso_1.webp","jetpack_sharing_enabled":true,"_links":{"self":[{"href":"https:\/\/laserenaradio.cl\/web\/wp-json\/wp\/v2\/posts\/23571","targetHints":{"allow":["GET"]}}],"collection":[{"href":"https:\/\/laserenaradio.cl\/web\/wp-json\/wp\/v2\/posts"}],"about":[{"href":"https:\/\/laserenaradio.cl\/web\/wp-json\/wp\/v2\/types\/post"}],"author":[{"embeddable":true,"href":"https:\/\/laserenaradio.cl\/web\/wp-json\/wp\/v2\/users\/2"}],"replies":[{"embeddable":true,"href":"https:\/\/laserenaradio.cl\/web\/wp-json\/wp\/v2\/comments?post=23571"}],"version-history":[{"count":1,"href":"https:\/\/laserenaradio.cl\/web\/wp-json\/wp\/v2\/posts\/23571\/revisions"}],"predecessor-version":[{"id":23572,"href":"https:\/\/laserenaradio.cl\/web\/wp-json\/wp\/v2\/posts\/23571\/revisions\/23572"}],"wp:featuredmedia":[{"embeddable":true,"href":"https:\/\/laserenaradio.cl\/web\/wp-json\/wp\/v2\/media\/23570"}],"wp:attachment":[{"href":"https:\/\/laserenaradio.cl\/web\/wp-json\/wp\/v2\/media?parent=23571"}],"wp:term":[{"taxonomy":"category","embeddable":true,"href":"https:\/\/laserenaradio.cl\/web\/wp-json\/wp\/v2\/categories?post=23571"},{"taxonomy":"post_tag","embeddable":true,"href":"https:\/\/laserenaradio.cl\/web\/wp-json\/wp\/v2\/tags?post=23571"}],"curies":[{"name":"wp","href":"https:\/\/api.w.org\/{rel}","templated":true}]}}