{"id":23568,"date":"2026-02-09T23:46:54","date_gmt":"2026-02-10T02:46:54","guid":{"rendered":"https:\/\/laserenaradio.cl\/web\/?p=23568"},"modified":"2026-02-09T23:46:54","modified_gmt":"2026-02-10T02:46:54","slug":"detienen-a-hombre-que-llevaba-supuesto-explosivo-a-bordo-de-vuelo-desde-santiago","status":"publish","type":"post","link":"https:\/\/laserenaradio.cl\/web\/2026\/02\/09\/detienen-a-hombre-que-llevaba-supuesto-explosivo-a-bordo-de-vuelo-desde-santiago\/","title":{"rendered":"Detienen a hombre que llevaba supuesto explosivo a bordo de vuelo desde Santiago"},"content":{"rendered":"<p>Detectives del Departamento de Inspecci\u00f3n Secundaria Aeropuerto de la <a href=\"https:\/\/www.pdichile.cl\/\">PDI<\/a> detuvieron a un hombre chileno este lunes en el Aeropuerto de Santiago por su supuesto intento de tr\u00e1fico de explosivos. <\/p>\n<p>Personal de la aerol\u00ednea Sky realizaba una revisi\u00f3n de rutina cuando detectaron una maleta sospechosa, lo que llev\u00f3 a la activaci\u00f3n del protocolo de seguridad. <\/p>\n<p>El sujeto asegur\u00f3 tener un &#8220;explosivo a bordo&#8221; del vuelo 226 con destino a Copiap\u00f3. Sin embargo, posteriormente se descart\u00f3 la presencia de una bomba en la aeronave.<\/p>\n<p>La evacuaci\u00f3n de los 137 pasajeros y 6 tripulantes fue efectuada seg\u00fan el informe de la empresa Sky. <\/p>\n<p>Desde el Ministerio P\u00fablico, se instruy\u00f3 que el detenido fuese puesto a disposici\u00f3n del Primer Juzgado de Garant\u00eda de Santiago para el primer bloque de audiencias de este martes.<\/p>\n<p>Una vez que el GOPE finaliz\u00f3 el procedimiento y descart\u00f3 cualquier amenaza, las autoridades levantaron la alerta. <\/p>\n<p>El incidente provoc\u00f3 la cancelaci\u00f3n del vuelo y afect\u00f3 a los pasajeros. Sky inform\u00f3 que todos fueron reprogramados para un nuevo vuelo al d\u00eda siguiente.<\/p>\n","protected":false},"excerpt":{"rendered":"<p>Detectives del Departamento de Inspecci\u00f3n Secundaria Aeropuerto de la PDI detuvieron a un hombre chileno este lunes en el Aeropuerto de Santiago por su supuesto intento de tr\u00e1fico de explosivos. Personal de la aerol\u00ednea Sky realizaba una revisi\u00f3n de rutina cuando detectaron una maleta sospechosa, lo que llev\u00f3 a la activaci\u00f3n del protocolo de seguridad. [&hellip;]<\/p>\n","protected":false},"author":2,"featured_media":23567,"comment_status":"closed","ping_status":"open","sticky":false,"template":"","format":"standard","meta":{"_jetpack_memberships_contains_paid_content":false,"jnews-multi-image_gallery":[],"jnews_single_post":[],"jnews_primary_category":[],"jnews_social_meta":[],"jnews_paywall_metabox":[],"jnews_review":[],"enable_review":"","type":"","name":"","summary":"","brand":"","sku":"","good":[],"bad":[],"score_override":"","override_value":"","rating":[],"price":[],"jnews_override_counter":[],"jnews_post_split":[],"footnotes":""},"categories":[21],"tags":[],"class_list":["post-23568","post","type-post","status-publish","format-standard","has-post-thumbnail","hentry","category-nacional"],"jetpack_featured_media_url":"https:\/\/laserenaradio.cl\/web\/wp-content\/uploads\/2026\/02\/mediapiaiextstaticimg_webpDetienenVina_1.webp","jetpack_sharing_enabled":true,"_links":{"self":[{"href":"https:\/\/laserenaradio.cl\/web\/wp-json\/wp\/v2\/posts\/23568","targetHints":{"allow":["GET"]}}],"collection":[{"href":"https:\/\/laserenaradio.cl\/web\/wp-json\/wp\/v2\/posts"}],"about":[{"href":"https:\/\/laserenaradio.cl\/web\/wp-json\/wp\/v2\/types\/post"}],"author":[{"embeddable":true,"href":"https:\/\/laserenaradio.cl\/web\/wp-json\/wp\/v2\/users\/2"}],"replies":[{"embeddable":true,"href":"https:\/\/laserenaradio.cl\/web\/wp-json\/wp\/v2\/comments?post=23568"}],"version-history":[{"count":1,"href":"https:\/\/laserenaradio.cl\/web\/wp-json\/wp\/v2\/posts\/23568\/revisions"}],"predecessor-version":[{"id":23569,"href":"https:\/\/laserenaradio.cl\/web\/wp-json\/wp\/v2\/posts\/23568\/revisions\/23569"}],"wp:featuredmedia":[{"embeddable":true,"href":"https:\/\/laserenaradio.cl\/web\/wp-json\/wp\/v2\/media\/23567"}],"wp:attachment":[{"href":"https:\/\/laserenaradio.cl\/web\/wp-json\/wp\/v2\/media?parent=23568"}],"wp:term":[{"taxonomy":"category","embeddable":true,"href":"https:\/\/laserenaradio.cl\/web\/wp-json\/wp\/v2\/categories?post=23568"},{"taxonomy":"post_tag","embeddable":true,"href":"https:\/\/laserenaradio.cl\/web\/wp-json\/wp\/v2\/tags?post=23568"}],"curies":[{"name":"wp","href":"https:\/\/api.w.org\/{rel}","templated":true}]}}