{"id":23553,"date":"2026-02-09T12:21:49","date_gmt":"2026-02-09T15:21:49","guid":{"rendered":"https:\/\/laserenaradio.cl\/web\/?p=23553"},"modified":"2026-02-09T12:21:49","modified_gmt":"2026-02-09T15:21:49","slug":"nino-de-6-anos-atacado-por-jauria-de-perros-en-punta-arenas","status":"publish","type":"post","link":"https:\/\/laserenaradio.cl\/web\/2026\/02\/09\/nino-de-6-anos-atacado-por-jauria-de-perros-en-punta-arenas\/","title":{"rendered":"Ni\u00f1o de 6 a\u00f1os atacado por jaur\u00eda de perros en Punta Arenas."},"content":{"rendered":"<p>Un ni\u00f1o de seis a\u00f1os permanece internado en el Hospital Cl\u00ednico de Magallanes tras ser atacado por una jaur\u00eda de perros. El incidente ocurri\u00f3 en el sector del kil\u00f3metro 12,5 norte de Punta Arenas y result\u00f3 grave para ambos involucrados.<\/p>\n<p>El jueves 5 de febrero, el menor sufri\u00f3 heridas significativas que lo llevaron al recinto asistencial de urgencia. Su madre tambi\u00e9n fue lesionada durante la intervenci\u00f3n para rescatarlo. La <a href=\"https:\/\/www.puntaarenas.cl\/\">Municipalidad de Punta Arenas<\/a> recibi\u00f3 una denuncia formal la tarde del viernes y activ\u00f3 los protocolos de emergencia junto a las autoridades sanitarias.<\/p>\n<p>Se ha anunciado que se presentar\u00e1 una querella criminal contra los due\u00f1os o responsables de los perros involucrados, si pueden ser identificados. El director de Medio Ambiente municipal, Christian Mu\u00f1oz, expres\u00f3 la preocupaci\u00f3n institucional sobre este tipo de episodios en sectores periurbanos.<\/p>\n<p>Las acciones legales buscan determinar si los animales ten\u00edan propietarios o formaban parte de una jaur\u00eda abandonada. En paralelo, se realizar\u00e1 una intervenci\u00f3n en terreno con la Seremi de Salud para identificar y evaluar a los perros involucrados.<\/p>\n<p>Desde el municipio advierten que estos hechos no son aislados y responden al abandono de mascotas en zonas rurales. Se reiter\u00f3 el llamado a la tenencia responsable y se refuerzar\u00e1n las acciones de fiscalizaci\u00f3n para prevenir nuevos riesgos comunitarios.<\/p>\n","protected":false},"excerpt":{"rendered":"<p>Un ni\u00f1o de seis a\u00f1os permanece internado en el Hospital Cl\u00ednico de Magallanes tras ser atacado por una jaur\u00eda de perros. El incidente ocurri\u00f3 en el sector del kil\u00f3metro 12,5 norte de Punta Arenas y result\u00f3 grave para ambos involucrados. El jueves 5 de febrero, el menor sufri\u00f3 heridas significativas que lo llevaron al recinto [&hellip;]<\/p>\n","protected":false},"author":2,"featured_media":23552,"comment_status":"closed","ping_status":"open","sticky":false,"template":"","format":"standard","meta":{"_jetpack_memberships_contains_paid_content":false,"jnews-multi-image_gallery":[],"jnews_single_post":[],"jnews_primary_category":[],"jnews_social_meta":[],"jnews_paywall_metabox":[],"jnews_review":[],"enable_review":"","type":"","name":"","summary":"","brand":"","sku":"","good":[],"bad":[],"score_override":"","override_value":"","rating":[],"price":[],"jnews_override_counter":[],"jnews_post_split":[],"footnotes":""},"categories":[21],"tags":[],"class_list":["post-23553","post","type-post","status-publish","format-standard","has-post-thumbnail","hentry","category-nacional"],"jetpack_featured_media_url":"https:\/\/laserenaradio.cl\/web\/wp-content\/uploads\/2026\/02\/mediapiaiextstaticimg_webpperrosPuntaArenasinvolucradosatacado_0.webp","jetpack_sharing_enabled":true,"_links":{"self":[{"href":"https:\/\/laserenaradio.cl\/web\/wp-json\/wp\/v2\/posts\/23553","targetHints":{"allow":["GET"]}}],"collection":[{"href":"https:\/\/laserenaradio.cl\/web\/wp-json\/wp\/v2\/posts"}],"about":[{"href":"https:\/\/laserenaradio.cl\/web\/wp-json\/wp\/v2\/types\/post"}],"author":[{"embeddable":true,"href":"https:\/\/laserenaradio.cl\/web\/wp-json\/wp\/v2\/users\/2"}],"replies":[{"embeddable":true,"href":"https:\/\/laserenaradio.cl\/web\/wp-json\/wp\/v2\/comments?post=23553"}],"version-history":[{"count":1,"href":"https:\/\/laserenaradio.cl\/web\/wp-json\/wp\/v2\/posts\/23553\/revisions"}],"predecessor-version":[{"id":23554,"href":"https:\/\/laserenaradio.cl\/web\/wp-json\/wp\/v2\/posts\/23553\/revisions\/23554"}],"wp:featuredmedia":[{"embeddable":true,"href":"https:\/\/laserenaradio.cl\/web\/wp-json\/wp\/v2\/media\/23552"}],"wp:attachment":[{"href":"https:\/\/laserenaradio.cl\/web\/wp-json\/wp\/v2\/media?parent=23553"}],"wp:term":[{"taxonomy":"category","embeddable":true,"href":"https:\/\/laserenaradio.cl\/web\/wp-json\/wp\/v2\/categories?post=23553"},{"taxonomy":"post_tag","embeddable":true,"href":"https:\/\/laserenaradio.cl\/web\/wp-json\/wp\/v2\/tags?post=23553"}],"curies":[{"name":"wp","href":"https:\/\/api.w.org\/{rel}","templated":true}]}}