{"id":23537,"date":"2026-02-09T11:30:14","date_gmt":"2026-02-09T14:30:14","guid":{"rendered":"https:\/\/laserenaradio.cl\/web\/?p=23537"},"modified":"2026-02-09T11:33:06","modified_gmt":"2026-02-09T14:33:06","slug":"conductor-derriba-a-un-ladro-al-intentar-encerrarlo","status":"publish","type":"post","link":"https:\/\/laserenaradio.cl\/web\/2026\/02\/09\/conductor-derriba-a-un-ladro-al-intentar-encerrarlo\/","title":{"rendered":"Conductor derriba a un ladr\u00f3 al intentar encerrarlo"},"content":{"rendered":"\n<p><strong>Una c\u00e1mara instalada en un veh\u00edculo captur\u00f3 una encerrona ocurrida el pasado s\u00e1bado en Quilicura. El video muestra c\u00f3mo los ocupantes de un auto que circulaba por la Ruta 5 y luego tom\u00f3 la autopista Vespucio Norte fueron v\u00edctimas de una trampa.<\/strong><\/p>\n\n\n\n<!--more-->\n\n\n\n<p>En plena conexi\u00f3n viales, una mujer mencion\u00f3 con preocupaci\u00f3n: &#8220;Dicen que esta pasada es como peligrosa&#8221;. Segundos despu\u00e9s, se produjo el il\u00edcito. Un auto que iba delante de los protagonistas se detuvo y dos sujetos bajaron para realizar la encerrona.<\/p>\n\n\n\n<p>Aparentemente, uno de ellos portaba un arma de fuego; sin embargo, su verdadera naturaleza no ha sido determinada. No obstante, el conductor del veh\u00edculo afectado no se detuvo. Dirigi\u00f3 su autom\u00f3vil hacia los ladrones y logr\u00f3 atropellar al que no estaba armado.<\/p>\n\n\n\n<p>Este individuo sali\u00f3 eyectado hacia el exterior de la ruta, en ese sector elevado; su situaci\u00f3n actual es desconocida hasta el momento.<\/p>\n\n\n\n<figure class=\"wp-block-embed is-type-rich is-provider-twitter wp-block-embed-twitter\"><div class=\"wp-block-embed__wrapper\">\n<div class=\"embed-twitter\"><blockquote class=\"twitter-tweet\" data-width=\"500\" data-dnt=\"true\"><p lang=\"es\" dir=\"ltr\">Vean este video, mantengan distancia siempre en las salidas y entradas de carreteras y usted acelere como si de eso dependiera su vida (literal) <a href=\"https:\/\/t.co\/GH8pCUI2nQ\">pic.twitter.com\/GH8pCUI2nQ<\/a><\/p>&mdash; No soy Bot \ud83d\ude0e | ETHGas \u26fd (@XFarmer1977) <a href=\"https:\/\/twitter.com\/XFarmer1977\/status\/2020668728849944970?ref_src=twsrc%5Etfw\">February 9, 2026<\/a><\/blockquote><script async src=\"https:\/\/platform.twitter.com\/widgets.js\" charset=\"utf-8\"><\/script><\/div>\n<\/div><\/figure>\n\n\n\n<p><\/p>\n","protected":false},"excerpt":{"rendered":"<p>Una c\u00e1mara instalada en un veh\u00edculo captur\u00f3 una encerrona ocurrida el pasado s\u00e1bado en Quilicura. El video muestra c\u00f3mo los ocupantes de un auto que circulaba por la Ruta 5 y luego tom\u00f3 la autopista Vespucio Norte fueron v\u00edctimas de una trampa.<\/p>\n","protected":false},"author":2,"featured_media":9076,"comment_status":"closed","ping_status":"open","sticky":false,"template":"","format":"standard","meta":{"_jetpack_memberships_contains_paid_content":false,"jnews-multi-image_gallery":[],"jnews_single_post":{"format":"standard"},"jnews_primary_category":[],"jnews_social_meta":[],"jnews_paywall_metabox":[],"jnews_review":[],"enable_review":"","type":"","name":"","summary":"","brand":"","sku":"","good":[],"bad":[],"score_override":"","override_value":"","rating":[],"price":[],"jnews_override_counter":[],"jnews_post_split":[],"footnotes":""},"categories":[21],"tags":[221,222,220],"class_list":["post-23537","post","type-post","status-publish","format-standard","has-post-thumbnail","hentry","category-nacional","tag-atropello","tag-conductor","tag-ladron"],"jetpack_featured_media_url":"https:\/\/laserenaradio.cl\/web\/wp-content\/uploads\/2024\/12\/laserenaradio_nacional.webp","jetpack_sharing_enabled":true,"_links":{"self":[{"href":"https:\/\/laserenaradio.cl\/web\/wp-json\/wp\/v2\/posts\/23537","targetHints":{"allow":["GET"]}}],"collection":[{"href":"https:\/\/laserenaradio.cl\/web\/wp-json\/wp\/v2\/posts"}],"about":[{"href":"https:\/\/laserenaradio.cl\/web\/wp-json\/wp\/v2\/types\/post"}],"author":[{"embeddable":true,"href":"https:\/\/laserenaradio.cl\/web\/wp-json\/wp\/v2\/users\/2"}],"replies":[{"embeddable":true,"href":"https:\/\/laserenaradio.cl\/web\/wp-json\/wp\/v2\/comments?post=23537"}],"version-history":[{"count":2,"href":"https:\/\/laserenaradio.cl\/web\/wp-json\/wp\/v2\/posts\/23537\/revisions"}],"predecessor-version":[{"id":23540,"href":"https:\/\/laserenaradio.cl\/web\/wp-json\/wp\/v2\/posts\/23537\/revisions\/23540"}],"wp:featuredmedia":[{"embeddable":true,"href":"https:\/\/laserenaradio.cl\/web\/wp-json\/wp\/v2\/media\/9076"}],"wp:attachment":[{"href":"https:\/\/laserenaradio.cl\/web\/wp-json\/wp\/v2\/media?parent=23537"}],"wp:term":[{"taxonomy":"category","embeddable":true,"href":"https:\/\/laserenaradio.cl\/web\/wp-json\/wp\/v2\/categories?post=23537"},{"taxonomy":"post_tag","embeddable":true,"href":"https:\/\/laserenaradio.cl\/web\/wp-json\/wp\/v2\/tags?post=23537"}],"curies":[{"name":"wp","href":"https:\/\/api.w.org\/{rel}","templated":true}]}}