{"id":23524,"date":"2026-02-09T00:00:18","date_gmt":"2026-02-09T03:00:18","guid":{"rendered":"https:\/\/laserenaradio.cl\/web\/?p=23524"},"modified":"2026-02-09T00:00:18","modified_gmt":"2026-02-09T03:00:18","slug":"suspension-de-venta-del-seguro-obligatorio-de-accidentes-personales-soap","status":"publish","type":"post","link":"https:\/\/laserenaradio.cl\/web\/2026\/02\/09\/suspension-de-venta-del-seguro-obligatorio-de-accidentes-personales-soap\/","title":{"rendered":"Suspensi\u00f3n de venta del Seguro Obligatorio de Accidentes Personales (SOAP)."},"content":{"rendered":"<p>Este domingo, desde la Asociaci\u00f3n de Aseguradores de Chile (AACH) informaron sobre la suspensi\u00f3n temporal de la venta del Seguro Obligatorio de Accidentes Personales (SOAP). Esto se debe a la publicaci\u00f3n de la Ley Jacinta. La medida entr\u00f3 en vigencia el s\u00e1bado 7 de febrero, implementando mejoras al SOAP, entre las que destaca el aumento de los montos de las indemnizaciones.<\/p>\n<p>Seg\u00fan un comunicado emitido por AACH, la suspensi\u00f3n es necesaria hasta que se complete el procedimiento administrativo exigido por la ley. Espec\u00edficamente, la Comisi\u00f3n para el Mercado Financiero (<a href=\"https:\/\/www.cmfchile.cl\/\">CMF<\/a>) a\u00fan no ha depositado la nueva p\u00f3liza del seguro con las modificaciones requeridas en el Dep\u00f3sito de P\u00f3lizas y su publicaci\u00f3n en el Diario Oficial.<\/p>\n<p>Las compa\u00f1\u00edas aseguradoras se encuentran legalmente impedidas de comercializar el SOAP mientras este tr\u00e1mite no est\u00e9 completo. AACH explica que esta situaci\u00f3n es transitoria, y las empresas est\u00e1n a la espera de que <a href=\"https:\/\/www.cmfchile.cl\/\">CMF<\/a> finalice los pasos necesarios para poder reincorporar el seguro al mercado bajo las nuevas condiciones.<\/p>\n<p>La AACH asegura que lamenta esta situaci\u00f3n, reiterando su compromiso con la pronta normalizaci\u00f3n del comercio del SOAP conforme a las modificaciones legales.<\/p>\n","protected":false},"excerpt":{"rendered":"<p>Este domingo, desde la Asociaci\u00f3n de Aseguradores de Chile (AACH) informaron sobre la suspensi\u00f3n temporal de la venta del Seguro Obligatorio de Accidentes Personales (SOAP). Esto se debe a la publicaci\u00f3n de la Ley Jacinta. La medida entr\u00f3 en vigencia el s\u00e1bado 7 de febrero, implementando mejoras al SOAP, entre las que destaca el aumento [&hellip;]<\/p>\n","protected":false},"author":2,"featured_media":23523,"comment_status":"closed","ping_status":"open","sticky":false,"template":"","format":"standard","meta":{"_jetpack_memberships_contains_paid_content":false,"jnews-multi-image_gallery":[],"jnews_single_post":[],"jnews_primary_category":[],"jnews_social_meta":[],"jnews_paywall_metabox":[],"jnews_review":[],"enable_review":"","type":"","name":"","summary":"","brand":"","sku":"","good":[],"bad":[],"score_override":"","override_value":"","rating":[],"price":[],"jnews_override_counter":[],"jnews_post_split":[],"footnotes":""},"categories":[21],"tags":[],"class_list":["post-23524","post","type-post","status-publish","format-standard","has-post-thumbnail","hentry","category-nacional"],"jetpack_featured_media_url":"https:\/\/laserenaradio.cl\/web\/wp-content\/uploads\/2026\/02\/mediapiaiextstaticimg_webpsiniestrosseguroscmfchiledenunciados_1.webp","jetpack_sharing_enabled":true,"_links":{"self":[{"href":"https:\/\/laserenaradio.cl\/web\/wp-json\/wp\/v2\/posts\/23524","targetHints":{"allow":["GET"]}}],"collection":[{"href":"https:\/\/laserenaradio.cl\/web\/wp-json\/wp\/v2\/posts"}],"about":[{"href":"https:\/\/laserenaradio.cl\/web\/wp-json\/wp\/v2\/types\/post"}],"author":[{"embeddable":true,"href":"https:\/\/laserenaradio.cl\/web\/wp-json\/wp\/v2\/users\/2"}],"replies":[{"embeddable":true,"href":"https:\/\/laserenaradio.cl\/web\/wp-json\/wp\/v2\/comments?post=23524"}],"version-history":[{"count":1,"href":"https:\/\/laserenaradio.cl\/web\/wp-json\/wp\/v2\/posts\/23524\/revisions"}],"predecessor-version":[{"id":23525,"href":"https:\/\/laserenaradio.cl\/web\/wp-json\/wp\/v2\/posts\/23524\/revisions\/23525"}],"wp:featuredmedia":[{"embeddable":true,"href":"https:\/\/laserenaradio.cl\/web\/wp-json\/wp\/v2\/media\/23523"}],"wp:attachment":[{"href":"https:\/\/laserenaradio.cl\/web\/wp-json\/wp\/v2\/media?parent=23524"}],"wp:term":[{"taxonomy":"category","embeddable":true,"href":"https:\/\/laserenaradio.cl\/web\/wp-json\/wp\/v2\/categories?post=23524"},{"taxonomy":"post_tag","embeddable":true,"href":"https:\/\/laserenaradio.cl\/web\/wp-json\/wp\/v2\/tags?post=23524"}],"curies":[{"name":"wp","href":"https:\/\/api.w.org\/{rel}","templated":true}]}}