{"id":23516,"date":"2026-02-08T15:48:13","date_gmt":"2026-02-08T18:48:13","guid":{"rendered":"https:\/\/laserenaradio.cl\/web\/?p=23516"},"modified":"2026-02-08T15:48:13","modified_gmt":"2026-02-08T18:48:13","slug":"estafan-a-damnificados-por-incendios-forestales","status":"publish","type":"post","link":"https:\/\/laserenaradio.cl\/web\/2026\/02\/08\/estafan-a-damnificados-por-incendios-forestales\/","title":{"rendered":"Estafan a damnificados por incendios forestales"},"content":{"rendered":"<p>En prisi\u00f3n preventiva qued\u00f3 una mujer implicada en un caso de estafa a damnificados por incendios forestales en Penco, regi\u00f3n del B\u00edo B\u00edo.<\/p>\n<p>La imputada se hizo pasar por miembro de un comit\u00e9 de viviendas y solicit\u00f3 sumas elevadas para acelerar los tr\u00e1mites de reconstrucci\u00f3n. <\/p>\n<p>A ra\u00edz de una denuncia ante la Polic\u00eda de Investigaciones, se conoci\u00f3 este ins\u00f3lito episodio. Una v\u00edctima que perdi\u00f3 su hogar en el megaincendio sospech\u00f3 cuando dej\u00f3 de tener contacto con la supuesta integrante del Comit\u00e9 de Vivienda.<\/p>\n<p>El due\u00f1o de la cuenta bancaria, donde se depositaron los montos, revel\u00f3 ser solo un intermediario. La autora del enga\u00f1o resid\u00eda en Los Andes a m\u00e1s de 500 km de distancia.<\/p>\n<p>La jefa de la Brigada Investigadora de Delitos Econ\u00f3micos Concepci\u00f3n, Subprefecta Vanni Rajdl, relat\u00f3 el caso. El fiscal jefe de la <a href=\"https:\/\/www.fiscaliadechile.cl\/\">Fiscal\u00eda<\/a> de Flagrancia de la Regi\u00f3n del Biob\u00edo, Gonzalo Guerrero, se refiri\u00f3 a las denuncias y el modus operandi.<\/p>\n<p>La imputada reconoci\u00f3 el crimen ante la justicia en Valpara\u00edso, donde qued\u00f3 bajo medida cautelar de prisi\u00f3n preventiva. La <a href=\"https:\/\/www.fiscaliadechile.cl\/\">Fiscal\u00eda<\/a> solicit\u00f3 incautar los fondos que esta persona pudiera tener en su cuenta bancaria y descart\u00f3 la posibilidad de m\u00e1s v\u00edctimas estafadas.<\/p>\n","protected":false},"excerpt":{"rendered":"<p>En prisi\u00f3n preventiva qued\u00f3 una mujer implicada en un caso de estafa a damnificados por incendios forestales en Penco, regi\u00f3n del B\u00edo B\u00edo. La imputada se hizo pasar por miembro de un comit\u00e9 de viviendas y solicit\u00f3 sumas elevadas para acelerar los tr\u00e1mites de reconstrucci\u00f3n. A ra\u00edz de una denuncia ante la Polic\u00eda de Investigaciones, [&hellip;]<\/p>\n","protected":false},"author":2,"featured_media":23515,"comment_status":"closed","ping_status":"open","sticky":false,"template":"","format":"standard","meta":{"_jetpack_memberships_contains_paid_content":false,"jnews-multi-image_gallery":[],"jnews_single_post":[],"jnews_primary_category":[],"jnews_social_meta":[],"jnews_paywall_metabox":[],"jnews_review":[],"enable_review":"","type":"","name":"","summary":"","brand":"","sku":"","good":[],"bad":[],"score_override":"","override_value":"","rating":[],"price":[],"jnews_override_counter":[],"jnews_post_split":[],"footnotes":""},"categories":[21],"tags":[],"class_list":["post-23516","post","type-post","status-publish","format-standard","has-post-thumbnail","hentry","category-nacional"],"jetpack_featured_media_url":"https:\/\/laserenaradio.cl\/web\/wp-content\/uploads\/2026\/02\/mediapiaiextstaticimg_webpcasodamnificadosincendios_1.webp","jetpack_sharing_enabled":true,"_links":{"self":[{"href":"https:\/\/laserenaradio.cl\/web\/wp-json\/wp\/v2\/posts\/23516","targetHints":{"allow":["GET"]}}],"collection":[{"href":"https:\/\/laserenaradio.cl\/web\/wp-json\/wp\/v2\/posts"}],"about":[{"href":"https:\/\/laserenaradio.cl\/web\/wp-json\/wp\/v2\/types\/post"}],"author":[{"embeddable":true,"href":"https:\/\/laserenaradio.cl\/web\/wp-json\/wp\/v2\/users\/2"}],"replies":[{"embeddable":true,"href":"https:\/\/laserenaradio.cl\/web\/wp-json\/wp\/v2\/comments?post=23516"}],"version-history":[{"count":1,"href":"https:\/\/laserenaradio.cl\/web\/wp-json\/wp\/v2\/posts\/23516\/revisions"}],"predecessor-version":[{"id":23517,"href":"https:\/\/laserenaradio.cl\/web\/wp-json\/wp\/v2\/posts\/23516\/revisions\/23517"}],"wp:featuredmedia":[{"embeddable":true,"href":"https:\/\/laserenaradio.cl\/web\/wp-json\/wp\/v2\/media\/23515"}],"wp:attachment":[{"href":"https:\/\/laserenaradio.cl\/web\/wp-json\/wp\/v2\/media?parent=23516"}],"wp:term":[{"taxonomy":"category","embeddable":true,"href":"https:\/\/laserenaradio.cl\/web\/wp-json\/wp\/v2\/categories?post=23516"},{"taxonomy":"post_tag","embeddable":true,"href":"https:\/\/laserenaradio.cl\/web\/wp-json\/wp\/v2\/tags?post=23516"}],"curies":[{"name":"wp","href":"https:\/\/api.w.org\/{rel}","templated":true}]}}