{"id":23513,"date":"2026-02-08T15:45:07","date_gmt":"2026-02-08T18:45:07","guid":{"rendered":"https:\/\/laserenaradio.cl\/web\/?p=23513"},"modified":"2026-02-08T15:45:07","modified_gmt":"2026-02-08T18:45:07","slug":"sismo-de-menor-intensidad-3-2-se-percibio-a-16-km-al-so-de-la-serena","status":"publish","type":"post","link":"https:\/\/laserenaradio.cl\/web\/2026\/02\/08\/sismo-de-menor-intensidad-3-2-se-percibio-a-16-km-al-so-de-la-serena\/","title":{"rendered":"Sismo de menor intensidad 3.2 se percibi\u00f3 a 16 km al SO de La Serena"},"content":{"rendered":"<p>Un movimiento s\u00edsmico ha sido registrado a las 14:48 horas (hora local).<\/p>\n<p>De acuerdo a la informaci\u00f3n oficial proporcionada por el <a href=\"https:\/\/www.sismologia.cl\/\" rel=\"nofollow\" target=\"_blank\">Centro Sismol\u00f3gico Nacional<\/a>, el evento tel\u00farico tuvo una magnitud de 3.2 Ml grados.<\/p>\n<p>El epicentro fue localizado a 16 km al SO de La Serena, con una profundidad de 47 km.<\/p>\n<h3>Evaluaci\u00f3n de afectaci\u00f3n<\/h3>\n<p>Los organismos de emergencia del Sistema Nacional de Prevenci\u00f3n y Respuesta ante Desastres (SENAPRED) se encuentran monitoreando la situaci\u00f3n para evaluar eventuales da\u00f1os a personas, alteraci\u00f3n a servicios b\u00e1sicos o infraestructura producto de este sismo.<\/p>\n","protected":false},"excerpt":{"rendered":"<p>Un movimiento s\u00edsmico ha sido registrado a las 14:48 horas (hora local). De acuerdo a la informaci\u00f3n oficial proporcionada por el Centro Sismol\u00f3gico Nacional, el evento tel\u00farico tuvo una magnitud de 3.2 Ml grados. El epicentro fue localizado a 16 km al SO de La Serena, con una profundidad de 47 km. Evaluaci\u00f3n de afectaci\u00f3n [&hellip;]<\/p>\n","protected":false},"author":2,"featured_media":23512,"comment_status":"closed","ping_status":"open","sticky":false,"template":"","format":"standard","meta":{"_jetpack_memberships_contains_paid_content":false,"jnews-multi-image_gallery":[],"jnews_single_post":[],"jnews_primary_category":[],"jnews_social_meta":[],"jnews_paywall_metabox":[],"jnews_review":[],"enable_review":"","type":"","name":"","summary":"","brand":"","sku":"","good":[],"bad":[],"score_override":"","override_value":"","rating":[],"price":[],"jnews_override_counter":[],"jnews_post_split":[],"footnotes":""},"categories":[21],"tags":[],"class_list":["post-23513","post","type-post","status-publish","format-standard","has-post-thumbnail","hentry","category-nacional"],"jetpack_featured_media_url":"https:\/\/laserenaradio.cl\/web\/wp-content\/uploads\/2026\/02\/mediapiaiextstaticimg_sismossismo_20260208144855.webp","jetpack_sharing_enabled":true,"_links":{"self":[{"href":"https:\/\/laserenaradio.cl\/web\/wp-json\/wp\/v2\/posts\/23513","targetHints":{"allow":["GET"]}}],"collection":[{"href":"https:\/\/laserenaradio.cl\/web\/wp-json\/wp\/v2\/posts"}],"about":[{"href":"https:\/\/laserenaradio.cl\/web\/wp-json\/wp\/v2\/types\/post"}],"author":[{"embeddable":true,"href":"https:\/\/laserenaradio.cl\/web\/wp-json\/wp\/v2\/users\/2"}],"replies":[{"embeddable":true,"href":"https:\/\/laserenaradio.cl\/web\/wp-json\/wp\/v2\/comments?post=23513"}],"version-history":[{"count":1,"href":"https:\/\/laserenaradio.cl\/web\/wp-json\/wp\/v2\/posts\/23513\/revisions"}],"predecessor-version":[{"id":23514,"href":"https:\/\/laserenaradio.cl\/web\/wp-json\/wp\/v2\/posts\/23513\/revisions\/23514"}],"wp:featuredmedia":[{"embeddable":true,"href":"https:\/\/laserenaradio.cl\/web\/wp-json\/wp\/v2\/media\/23512"}],"wp:attachment":[{"href":"https:\/\/laserenaradio.cl\/web\/wp-json\/wp\/v2\/media?parent=23513"}],"wp:term":[{"taxonomy":"category","embeddable":true,"href":"https:\/\/laserenaradio.cl\/web\/wp-json\/wp\/v2\/categories?post=23513"},{"taxonomy":"post_tag","embeddable":true,"href":"https:\/\/laserenaradio.cl\/web\/wp-json\/wp\/v2\/tags?post=23513"}],"curies":[{"name":"wp","href":"https:\/\/api.w.org\/{rel}","templated":true}]}}