{"id":23510,"date":"2026-02-08T13:03:35","date_gmt":"2026-02-08T16:03:35","guid":{"rendered":"https:\/\/laserenaradio.cl\/web\/?p=23510"},"modified":"2026-02-08T13:03:35","modified_gmt":"2026-02-08T16:03:35","slug":"incendio-en-la-vega-central-de-santiago-60-70-locales-danados-y-personas-lesionadas","status":"publish","type":"post","link":"https:\/\/laserenaradio.cl\/web\/2026\/02\/08\/incendio-en-la-vega-central-de-santiago-60-70-locales-danados-y-personas-lesionadas\/","title":{"rendered":"Incendio en La Vega Central de Santiago: 60-70 locales da\u00f1ados y personas lesionadas."},"content":{"rendered":"<p>Gonzalo Dur\u00e1n, delegado presidencial de la regi\u00f3n Metropolitana, inform\u00f3 que el incendio que atingi\u00f3 a La Vega Central afect\u00f3 entre 60 y 70 locales comerciales. El siniestro comenz\u00f3 alrededor de las 4:00 AM del domingo y fue controlado por <a href=\"https:\/\/www.bomberos.cl\/\">Bomberos<\/a> a las 9:05 AM.<\/p>\n<p>Entre los afectados se encuentran dos bomberos y un par de guardias de La Vega Central, quienes fueron atendidos en centros asistenciales. Dur\u00e1n tambi\u00e9n asegur\u00f3 que est\u00e1n estableciendo cordones de seguridad para proteger a los dem\u00e1s locatarios que contin\u00faan operando.<\/p>\n<p>No hay seguros comprometidos seg\u00fan el delegado y la prioridad es acompa\u00f1ar a los comerciantes afectados, indic\u00f3. En este momento, se ha coordinado con la Seremi de Salud para verificar las condiciones de los alimentos y proceder a su eliminaci\u00f3n. <\/p>\n<p>Se pide a la gente que no acerque a La Vega, ya que el \u00e1rea est\u00e1 acordonada pero hay personas intentando ingresar por curiosidad o fotos. Dur\u00e1n a\u00f1adi\u00f3: \u201cNo hay productos disponibles para recuperar\u201d. Alcalde Fares Jadue y las autoridades locales colaboran en la b\u00fasqueda de soluciones para los comerciantes afectados.<\/p>\n","protected":false},"excerpt":{"rendered":"<p>Gonzalo Dur\u00e1n, delegado presidencial de la regi\u00f3n Metropolitana, inform\u00f3 que el incendio que atingi\u00f3 a La Vega Central afect\u00f3 entre 60 y 70 locales comerciales. El siniestro comenz\u00f3 alrededor de las 4:00 AM del domingo y fue controlado por Bomberos a las 9:05 AM. Entre los afectados se encuentran dos bomberos y un par de [&hellip;]<\/p>\n","protected":false},"author":2,"featured_media":23509,"comment_status":"closed","ping_status":"open","sticky":false,"template":"","format":"standard","meta":{"_jetpack_memberships_contains_paid_content":false,"jnews-multi-image_gallery":[],"jnews_single_post":[],"jnews_primary_category":[],"jnews_social_meta":[],"jnews_paywall_metabox":[],"jnews_review":[],"enable_review":"","type":"","name":"","summary":"","brand":"","sku":"","good":[],"bad":[],"score_override":"","override_value":"","rating":[],"price":[],"jnews_override_counter":[],"jnews_post_split":[],"footnotes":""},"categories":[21],"tags":[],"class_list":["post-23510","post","type-post","status-publish","format-standard","has-post-thumbnail","hentry","category-nacional"],"jetpack_featured_media_url":"https:\/\/laserenaradio.cl\/web\/wp-content\/uploads\/2026\/02\/mediapiaiextstaticimg_webpbomberosCuerpoBomberosincendio_0.webp","jetpack_sharing_enabled":true,"_links":{"self":[{"href":"https:\/\/laserenaradio.cl\/web\/wp-json\/wp\/v2\/posts\/23510","targetHints":{"allow":["GET"]}}],"collection":[{"href":"https:\/\/laserenaradio.cl\/web\/wp-json\/wp\/v2\/posts"}],"about":[{"href":"https:\/\/laserenaradio.cl\/web\/wp-json\/wp\/v2\/types\/post"}],"author":[{"embeddable":true,"href":"https:\/\/laserenaradio.cl\/web\/wp-json\/wp\/v2\/users\/2"}],"replies":[{"embeddable":true,"href":"https:\/\/laserenaradio.cl\/web\/wp-json\/wp\/v2\/comments?post=23510"}],"version-history":[{"count":1,"href":"https:\/\/laserenaradio.cl\/web\/wp-json\/wp\/v2\/posts\/23510\/revisions"}],"predecessor-version":[{"id":23511,"href":"https:\/\/laserenaradio.cl\/web\/wp-json\/wp\/v2\/posts\/23510\/revisions\/23511"}],"wp:featuredmedia":[{"embeddable":true,"href":"https:\/\/laserenaradio.cl\/web\/wp-json\/wp\/v2\/media\/23509"}],"wp:attachment":[{"href":"https:\/\/laserenaradio.cl\/web\/wp-json\/wp\/v2\/media?parent=23510"}],"wp:term":[{"taxonomy":"category","embeddable":true,"href":"https:\/\/laserenaradio.cl\/web\/wp-json\/wp\/v2\/categories?post=23510"},{"taxonomy":"post_tag","embeddable":true,"href":"https:\/\/laserenaradio.cl\/web\/wp-json\/wp\/v2\/tags?post=23510"}],"curies":[{"name":"wp","href":"https:\/\/api.w.org\/{rel}","templated":true}]}}