{"id":23507,"date":"2026-02-08T13:01:01","date_gmt":"2026-02-08T16:01:01","guid":{"rendered":"https:\/\/laserenaradio.cl\/web\/?p=23507"},"modified":"2026-02-08T13:01:01","modified_gmt":"2026-02-08T16:01:01","slug":"controversia-por-financiamiento-del-festival-excentrico-calificado-como-festival-porno","status":"publish","type":"post","link":"https:\/\/laserenaradio.cl\/web\/2026\/02\/08\/controversia-por-financiamiento-del-festival-excentrico-calificado-como-festival-porno\/","title":{"rendered":"Controversia por financiamiento del Festival Exc\u00e9ntrico: Calificado como &#8220;festival porno&#8221;"},"content":{"rendered":"<p>La ministra Carolina Arredondo enfrent\u00f3 cr\u00edticas por el financiamiento del Festival \u201cExc\u00e9ntrico\u201d, calificado como un \u201cfestival porno\u201d por la oposici\u00f3n. Desde el gremialismo se ped\u00eda su renuncia e incluso presionaron al presidente Gabriel Boric para que pronunciarse sobre el \u201cdespilfarro\u201d de fondos p\u00fablicos. La bancada advirti\u00f3 que esta situaci\u00f3n podr\u00eda afectar la tramitaci\u00f3n legislativa, poniendo en revisi\u00f3n su posici\u00f3n respecto a proyectos gubernamentales pendientes en el Congreso mientras no se proporcione una respuesta clara.<\/p>\n<p>A trav\u00e9s de X, Arredondo asegur\u00f3 que \u201clas autoridades pol\u00edticas no eval\u00faan fondos en cultura, para evitar que estos dependan de la mirada pol\u00edtica del gobierno actual\u201d. Adem\u00e1s, indic\u00f3 que \u201clo evidente es que algunos buscan cuestionar todo con el fin de quitar recursos y justificar recortes en cultura\u201d.<\/p>\n<p>Anteriormente, el <a href=\"http:\/\/www.cultura.gob.cl\/\">Ministerio de las Culturas<\/a> explic\u00f3 que la productora ganadora del certamen se adjudic\u00f3 un fondo concursable seg\u00fan los procedimientos establecidos, obteniendo un puntaje dentro del tramo definido. Los fondos asignados \u201cno implican respaldo, aprobaci\u00f3n ni definici\u00f3n de contenidos\u201d, aseguraron las autoridades.<\/p>\n","protected":false},"excerpt":{"rendered":"<p>La ministra Carolina Arredondo enfrent\u00f3 cr\u00edticas por el financiamiento del Festival \u201cExc\u00e9ntrico\u201d, calificado como un \u201cfestival porno\u201d por la oposici\u00f3n. Desde el gremialismo se ped\u00eda su renuncia e incluso presionaron al presidente Gabriel Boric para que pronunciarse sobre el \u201cdespilfarro\u201d de fondos p\u00fablicos. La bancada advirti\u00f3 que esta situaci\u00f3n podr\u00eda afectar la tramitaci\u00f3n legislativa, poniendo [&hellip;]<\/p>\n","protected":false},"author":2,"featured_media":23506,"comment_status":"closed","ping_status":"open","sticky":false,"template":"","format":"standard","meta":{"_jetpack_memberships_contains_paid_content":false,"jnews-multi-image_gallery":[],"jnews_single_post":[],"jnews_primary_category":[],"jnews_social_meta":[],"jnews_paywall_metabox":[],"jnews_review":[],"enable_review":"","type":"","name":"","summary":"","brand":"","sku":"","good":[],"bad":[],"score_override":"","override_value":"","rating":[],"price":[],"jnews_override_counter":[],"jnews_post_split":[],"footnotes":""},"categories":[21],"tags":[],"class_list":["post-23507","post","type-post","status-publish","format-standard","has-post-thumbnail","hentry","category-nacional"],"jetpack_featured_media_url":"https:\/\/laserenaradio.cl\/web\/wp-content\/uploads\/2026\/02\/mediapiaiextstaticimg_webpjazzfestivalPazSono_0.webp","jetpack_sharing_enabled":true,"_links":{"self":[{"href":"https:\/\/laserenaradio.cl\/web\/wp-json\/wp\/v2\/posts\/23507","targetHints":{"allow":["GET"]}}],"collection":[{"href":"https:\/\/laserenaradio.cl\/web\/wp-json\/wp\/v2\/posts"}],"about":[{"href":"https:\/\/laserenaradio.cl\/web\/wp-json\/wp\/v2\/types\/post"}],"author":[{"embeddable":true,"href":"https:\/\/laserenaradio.cl\/web\/wp-json\/wp\/v2\/users\/2"}],"replies":[{"embeddable":true,"href":"https:\/\/laserenaradio.cl\/web\/wp-json\/wp\/v2\/comments?post=23507"}],"version-history":[{"count":1,"href":"https:\/\/laserenaradio.cl\/web\/wp-json\/wp\/v2\/posts\/23507\/revisions"}],"predecessor-version":[{"id":23508,"href":"https:\/\/laserenaradio.cl\/web\/wp-json\/wp\/v2\/posts\/23507\/revisions\/23508"}],"wp:featuredmedia":[{"embeddable":true,"href":"https:\/\/laserenaradio.cl\/web\/wp-json\/wp\/v2\/media\/23506"}],"wp:attachment":[{"href":"https:\/\/laserenaradio.cl\/web\/wp-json\/wp\/v2\/media?parent=23507"}],"wp:term":[{"taxonomy":"category","embeddable":true,"href":"https:\/\/laserenaradio.cl\/web\/wp-json\/wp\/v2\/categories?post=23507"},{"taxonomy":"post_tag","embeddable":true,"href":"https:\/\/laserenaradio.cl\/web\/wp-json\/wp\/v2\/tags?post=23507"}],"curies":[{"name":"wp","href":"https:\/\/api.w.org\/{rel}","templated":true}]}}