{"id":23498,"date":"2026-02-08T11:14:31","date_gmt":"2026-02-08T14:14:31","guid":{"rendered":"https:\/\/laserenaradio.cl\/web\/?p=23498"},"modified":"2026-02-08T11:14:31","modified_gmt":"2026-02-08T14:14:31","slug":"jovenes-de-coquimbo-se-capacitan-como-salvavidas","status":"publish","type":"post","link":"https:\/\/laserenaradio.cl\/web\/2026\/02\/08\/jovenes-de-coquimbo-se-capacitan-como-salvavidas\/","title":{"rendered":"J\u00f3venes de Coquimbo se capacitan como salvavidas"},"content":{"rendered":"<p>Seis j\u00f3venes que actualmente atraviesan un proceso de reinserci\u00f3n social iniciaron un curso de salvataje impartido por la Escuela de Salvavidas de Coquimbo, gracias a un trabajo coordinado con la Seremi de Justicia y Derechos Humanos y el Servicio de Reinserci\u00f3n Social Juvenil. <\/p>\n<p>La iniciativa busca entregar herramientas concretas que les permitan abrirse paso en el \u00e1mbito laboral y fortalecer su desarrollo personal.<\/p>\n<p>El programa contempla clases te\u00f3ricas y pr\u00e1cticas en rescate acu\u00e1tico, primeros auxilios y preparaci\u00f3n f\u00edsica, con el objetivo de que los participantes obtengan una certificaci\u00f3n que les permita desempe\u00f1arse profesionalmente en el \u00e1rea del turismo y la seguridad en playas.<\/p>\n<p>La seremi de Justicia y Derechos Humanos, Mar\u00eda Jos\u00e9 Rojas, valor\u00f3 la instancia y destac\u00f3 que este tipo de acciones representan el verdadero sentido de la reinserci\u00f3n. &#8220;Se trata de generar oportunidades reales y dignas para j\u00f3venes que est\u00e1n reconstruyendo sus proyectos de vida. Creemos firmemente en el trabajo colaborativo con instituciones comprometidas socialmente y agradecemos a la Escuela de Salvavidas por facilitar estas becas que ampl\u00edan sus posibilidades de futuro&#8221;, se\u00f1al\u00f3.<\/p>\n<p>Desde el Servicio de Reinserci\u00f3n Social Juvenil, su directora regional, Loreto Rebolledo, enfatiz\u00f3 que la capacitaci\u00f3n no solo entrega un oficio, sino tambi\u00e9n una motivaci\u00f3n significativa. Rebolledo indic\u00f3 que esta experiencia demuestra c\u00f3mo el sector privado puede involucrarse activamente en la reinserci\u00f3n, entendiendo que es una tarea compartida. Asimismo, destac\u00f3 el rol del Centro Cultural Alejandro Chelen y su Escuela de Salvavidas en concretar esta alianza p\u00fablico-privada.<\/p>\n<p>El director de la Escuela de Salvavidas de Coquimbo, Juan Carlos Brown, record\u00f3 su experiencia realizando talleres en contextos penitenciarios y asegur\u00f3 que el deporte puede transformarse en una herramienta de cambio. Brown explic\u00f3 que, una vez finalizada la capacitaci\u00f3n y aprobado el examen correspondiente, los j\u00f3venes obtendr\u00e1n una credencial oficial y quedar\u00e1n inscritos ante la Seremi de Salud, a trav\u00e9s del Departamento de Higiene Ambiental, como salvavidas autorizados.<\/p>\n<p>La iniciativa forma parte de una estrategia m\u00e1s amplia orientada a promover la inclusi\u00f3n, el acceso a capacitaci\u00f3n laboral y la generaci\u00f3n de oportunidades efectivas para j\u00f3venes que buscan reinsertarse en la sociedad.<\/p>\n","protected":false},"excerpt":{"rendered":"<p>Seis j\u00f3venes que actualmente atraviesan un proceso de reinserci\u00f3n social iniciaron un curso de salvataje impartido por la Escuela de Salvavidas de Coquimbo, gracias a un trabajo coordinado con la Seremi de Justicia y Derechos Humanos y el Servicio de Reinserci\u00f3n Social Juvenil. La iniciativa busca entregar herramientas concretas que les permitan abrirse paso en [&hellip;]<\/p>\n","protected":false},"author":2,"featured_media":23497,"comment_status":"closed","ping_status":"open","sticky":false,"template":"","format":"standard","meta":{"_jetpack_memberships_contains_paid_content":false,"jnews-multi-image_gallery":[],"jnews_single_post":[],"jnews_primary_category":[],"jnews_social_meta":[],"jnews_paywall_metabox":[],"jnews_review":[],"enable_review":"","type":"","name":"","summary":"","brand":"","sku":"","good":[],"bad":[],"score_override":"","override_value":"","rating":[],"price":[],"jnews_override_counter":[],"jnews_post_split":[],"footnotes":""},"categories":[21],"tags":[],"class_list":["post-23498","post","type-post","status-publish","format-standard","has-post-thumbnail","hentry","category-nacional"],"jetpack_featured_media_url":"https:\/\/laserenaradio.cl\/web\/wp-content\/uploads\/2026\/02\/mediapiaiextstaticimg_webpJovenesCoquimbo_1.webp","jetpack_sharing_enabled":true,"_links":{"self":[{"href":"https:\/\/laserenaradio.cl\/web\/wp-json\/wp\/v2\/posts\/23498","targetHints":{"allow":["GET"]}}],"collection":[{"href":"https:\/\/laserenaradio.cl\/web\/wp-json\/wp\/v2\/posts"}],"about":[{"href":"https:\/\/laserenaradio.cl\/web\/wp-json\/wp\/v2\/types\/post"}],"author":[{"embeddable":true,"href":"https:\/\/laserenaradio.cl\/web\/wp-json\/wp\/v2\/users\/2"}],"replies":[{"embeddable":true,"href":"https:\/\/laserenaradio.cl\/web\/wp-json\/wp\/v2\/comments?post=23498"}],"version-history":[{"count":1,"href":"https:\/\/laserenaradio.cl\/web\/wp-json\/wp\/v2\/posts\/23498\/revisions"}],"predecessor-version":[{"id":23499,"href":"https:\/\/laserenaradio.cl\/web\/wp-json\/wp\/v2\/posts\/23498\/revisions\/23499"}],"wp:featuredmedia":[{"embeddable":true,"href":"https:\/\/laserenaradio.cl\/web\/wp-json\/wp\/v2\/media\/23497"}],"wp:attachment":[{"href":"https:\/\/laserenaradio.cl\/web\/wp-json\/wp\/v2\/media?parent=23498"}],"wp:term":[{"taxonomy":"category","embeddable":true,"href":"https:\/\/laserenaradio.cl\/web\/wp-json\/wp\/v2\/categories?post=23498"},{"taxonomy":"post_tag","embeddable":true,"href":"https:\/\/laserenaradio.cl\/web\/wp-json\/wp\/v2\/tags?post=23498"}],"curies":[{"name":"wp","href":"https:\/\/api.w.org\/{rel}","templated":true}]}}