{"id":23495,"date":"2026-02-08T11:11:31","date_gmt":"2026-02-08T14:11:31","guid":{"rendered":"https:\/\/laserenaradio.cl\/web\/?p=23495"},"modified":"2026-02-08T11:11:31","modified_gmt":"2026-02-08T14:11:31","slug":"hombre-detenido-por-femicidio-frustrado-en-osorno","status":"publish","type":"post","link":"https:\/\/laserenaradio.cl\/web\/2026\/02\/08\/hombre-detenido-por-femicidio-frustrado-en-osorno\/","title":{"rendered":"Hombre detenido por femicidio frustrado en Osorno"},"content":{"rendered":"<p>Un hombre de 26 a\u00f1os fue detenido por detectives de la brigada de homicidios de Osorno en la regi\u00f3n de Los Lagos tras una investigaci\u00f3n de dos semanas. Los hechos ocurrieron el pasado 25 de enero, cuando el imputado atac\u00f3 a su expareja de 29 a\u00f1os con golpes y posteriormente le estrangul\u00f3 en su domicilio. <\/p>\n<p>La agresi\u00f3n fue frustrada gracias a la intervenci\u00f3n de los propios familiares del agresor. Durante las dos semanas siguientes, el imputado permaneci\u00f3 oculto, realizando visitas espor\u00e1dicas a su hogar. Sin embargo, finalmente fue capturado por detectives de la <a href=\"https:\/\/www.pdichile.cl\/\">PDI<\/a>.<\/p>\n<p>Ahora se le imputa el delito de femicidio \u00edntimo frustrado y pasa a control de detenci\u00f3n en horas del s\u00e1bado 7 de febrero, seg\u00fan afirm\u00f3 la jefa subrogante de la brigada de homicidios de Osorno, comisario Ang\u00e9lica Valenzuela.<\/p>\n","protected":false},"excerpt":{"rendered":"<p>Un hombre de 26 a\u00f1os fue detenido por detectives de la brigada de homicidios de Osorno en la regi\u00f3n de Los Lagos tras una investigaci\u00f3n de dos semanas. Los hechos ocurrieron el pasado 25 de enero, cuando el imputado atac\u00f3 a su expareja de 29 a\u00f1os con golpes y posteriormente le estrangul\u00f3 en su domicilio. [&hellip;]<\/p>\n","protected":false},"author":2,"featured_media":9076,"comment_status":"closed","ping_status":"open","sticky":false,"template":"","format":"standard","meta":{"_jetpack_memberships_contains_paid_content":false,"jnews-multi-image_gallery":[],"jnews_single_post":[],"jnews_primary_category":[],"jnews_social_meta":[],"jnews_paywall_metabox":[],"jnews_review":[],"enable_review":"","type":"","name":"","summary":"","brand":"","sku":"","good":[],"bad":[],"score_override":"","override_value":"","rating":[],"price":[],"jnews_override_counter":[],"jnews_post_split":[],"footnotes":""},"categories":[21],"tags":[],"class_list":["post-23495","post","type-post","status-publish","format-standard","has-post-thumbnail","hentry","category-nacional"],"jetpack_featured_media_url":"https:\/\/laserenaradio.cl\/web\/wp-content\/uploads\/2024\/12\/laserenaradio_nacional.webp","jetpack_sharing_enabled":true,"_links":{"self":[{"href":"https:\/\/laserenaradio.cl\/web\/wp-json\/wp\/v2\/posts\/23495","targetHints":{"allow":["GET"]}}],"collection":[{"href":"https:\/\/laserenaradio.cl\/web\/wp-json\/wp\/v2\/posts"}],"about":[{"href":"https:\/\/laserenaradio.cl\/web\/wp-json\/wp\/v2\/types\/post"}],"author":[{"embeddable":true,"href":"https:\/\/laserenaradio.cl\/web\/wp-json\/wp\/v2\/users\/2"}],"replies":[{"embeddable":true,"href":"https:\/\/laserenaradio.cl\/web\/wp-json\/wp\/v2\/comments?post=23495"}],"version-history":[{"count":1,"href":"https:\/\/laserenaradio.cl\/web\/wp-json\/wp\/v2\/posts\/23495\/revisions"}],"predecessor-version":[{"id":23496,"href":"https:\/\/laserenaradio.cl\/web\/wp-json\/wp\/v2\/posts\/23495\/revisions\/23496"}],"wp:featuredmedia":[{"embeddable":true,"href":"https:\/\/laserenaradio.cl\/web\/wp-json\/wp\/v2\/media\/9076"}],"wp:attachment":[{"href":"https:\/\/laserenaradio.cl\/web\/wp-json\/wp\/v2\/media?parent=23495"}],"wp:term":[{"taxonomy":"category","embeddable":true,"href":"https:\/\/laserenaradio.cl\/web\/wp-json\/wp\/v2\/categories?post=23495"},{"taxonomy":"post_tag","embeddable":true,"href":"https:\/\/laserenaradio.cl\/web\/wp-json\/wp\/v2\/tags?post=23495"}],"curies":[{"name":"wp","href":"https:\/\/api.w.org\/{rel}","templated":true}]}}