{"id":23493,"date":"2026-02-08T11:09:37","date_gmt":"2026-02-08T14:09:37","guid":{"rendered":"https:\/\/laserenaradio.cl\/web\/?p=23493"},"modified":"2026-02-08T11:09:37","modified_gmt":"2026-02-08T14:09:37","slug":"estructura-metalica-cae-durante-trabajos-en-altura-en-chiloe","status":"publish","type":"post","link":"https:\/\/laserenaradio.cl\/web\/2026\/02\/08\/estructura-metalica-cae-durante-trabajos-en-altura-en-chiloe\/","title":{"rendered":"Estructura met\u00e1lica cae durante trabajos en altura en Chilo\u00e9"},"content":{"rendered":"<p>Una estructura met\u00e1lica cay\u00f3 durante trabajos en altura en la pila central de las obras del puente sobre el Canal de Chacao en Chilo\u00e9, generando momentos de tensi\u00f3n entre los trabajadores. Este incidente ocurri\u00f3 mientras se retiraba un puntal temporal, elemento que permite mantener las pilas a cierta altura durante la construcci\u00f3n.<\/p>\n<p>No se registraron personas lesionadas tras este suceso, dado que exist\u00eda un per\u00edmetro de seguridad que imped\u00eda el acceso bajo el lugar de la faena. Sin embargo, el incidente ocasion\u00f3 da\u00f1os estructurales en una bodega utilizada para almacenamiento.<\/p>\n<p>En relaci\u00f3n a esta situaci\u00f3n, Luis Cort\u00e9s, presidente del Sindicato Nacional Interempresa, expres\u00f3 su preocupaci\u00f3n, se\u00f1alando que este ser\u00eda el tercer evento de caracter\u00edsticas similares registrado en el desarrollo de la obra. Ante lo ocurrido, el equipo de inspecci\u00f3n y encargados del proyecto solicitaron un peritaje t\u00e9cnico para determinar las causas de la falla e informar sobre medidas correctivas.<\/p>\n<p>El sindicato, por su parte, exigi\u00f3 la realizaci\u00f3n de una investigaci\u00f3n para esclarecer responsabilidades y reforzar las condiciones de seguridad en el lugar.<\/p>\n","protected":false},"excerpt":{"rendered":"<p>Una estructura met\u00e1lica cay\u00f3 durante trabajos en altura en la pila central de las obras del puente sobre el Canal de Chacao en Chilo\u00e9, generando momentos de tensi\u00f3n entre los trabajadores. Este incidente ocurri\u00f3 mientras se retiraba un puntal temporal, elemento que permite mantener las pilas a cierta altura durante la construcci\u00f3n. No se registraron [&hellip;]<\/p>\n","protected":false},"author":2,"featured_media":23492,"comment_status":"closed","ping_status":"open","sticky":false,"template":"","format":"standard","meta":{"_jetpack_memberships_contains_paid_content":false,"jnews-multi-image_gallery":[],"jnews_single_post":[],"jnews_primary_category":[],"jnews_social_meta":[],"jnews_paywall_metabox":[],"jnews_review":[],"enable_review":"","type":"","name":"","summary":"","brand":"","sku":"","good":[],"bad":[],"score_override":"","override_value":"","rating":[],"price":[],"jnews_override_counter":[],"jnews_post_split":[],"footnotes":""},"categories":[21],"tags":[],"class_list":["post-23493","post","type-post","status-publish","format-standard","has-post-thumbnail","hentry","category-nacional"],"jetpack_featured_media_url":"https:\/\/laserenaradio.cl\/web\/wp-content\/uploads\/2026\/02\/mediapiaiextstaticimg_webpVenezuelapetrolerascrudoinfraestructura_1.webp","jetpack_sharing_enabled":true,"_links":{"self":[{"href":"https:\/\/laserenaradio.cl\/web\/wp-json\/wp\/v2\/posts\/23493","targetHints":{"allow":["GET"]}}],"collection":[{"href":"https:\/\/laserenaradio.cl\/web\/wp-json\/wp\/v2\/posts"}],"about":[{"href":"https:\/\/laserenaradio.cl\/web\/wp-json\/wp\/v2\/types\/post"}],"author":[{"embeddable":true,"href":"https:\/\/laserenaradio.cl\/web\/wp-json\/wp\/v2\/users\/2"}],"replies":[{"embeddable":true,"href":"https:\/\/laserenaradio.cl\/web\/wp-json\/wp\/v2\/comments?post=23493"}],"version-history":[{"count":1,"href":"https:\/\/laserenaradio.cl\/web\/wp-json\/wp\/v2\/posts\/23493\/revisions"}],"predecessor-version":[{"id":23494,"href":"https:\/\/laserenaradio.cl\/web\/wp-json\/wp\/v2\/posts\/23493\/revisions\/23494"}],"wp:featuredmedia":[{"embeddable":true,"href":"https:\/\/laserenaradio.cl\/web\/wp-json\/wp\/v2\/media\/23492"}],"wp:attachment":[{"href":"https:\/\/laserenaradio.cl\/web\/wp-json\/wp\/v2\/media?parent=23493"}],"wp:term":[{"taxonomy":"category","embeddable":true,"href":"https:\/\/laserenaradio.cl\/web\/wp-json\/wp\/v2\/categories?post=23493"},{"taxonomy":"post_tag","embeddable":true,"href":"https:\/\/laserenaradio.cl\/web\/wp-json\/wp\/v2\/tags?post=23493"}],"curies":[{"name":"wp","href":"https:\/\/api.w.org\/{rel}","templated":true}]}}