{"id":23478,"date":"2026-02-07T13:51:21","date_gmt":"2026-02-07T16:51:21","guid":{"rendered":"https:\/\/laserenaradio.cl\/web\/?p=23478"},"modified":"2026-02-07T13:51:21","modified_gmt":"2026-02-07T16:51:21","slug":"gobierno-y-senapred-anticipan-escenarios-de-incendios-forestales-y-tormentas-electricas","status":"publish","type":"post","link":"https:\/\/laserenaradio.cl\/web\/2026\/02\/07\/gobierno-y-senapred-anticipan-escenarios-de-incendios-forestales-y-tormentas-electricas\/","title":{"rendered":"Gobierno y Senapred anticipan escenarios de incendios forestales y tormentas el\u00e9ctricas."},"content":{"rendered":"<p>El ministro del Interior, \u00c1lvaro Elizalde, junto a Alicia Cebri\u00e1n, directora nacional de <a href=\"http:\/\/www.senapred.cl\">Senapred<\/a>, lideraron una reuni\u00f3n en la central del Sistema Nacional de Prevenci\u00f3n y Respuesta ante Desastres. Su objetivo fue definir cursos de acci\u00f3n para los eventos meteorol\u00f3gicos previstos.<\/p>\n<p>Desde el Gobierno se explic\u00f3 que la coordinaci\u00f3n busca anticiparse a posibles incendios forestales en la zona centro y centro-sur del pa\u00eds, en un contexto marcado por altas temperaturas que alcanzar\u00edan su punto m\u00e1ximo este s\u00e1bado. Las m\u00e1ximas podr\u00edan llegar hasta 36 grados en sectores del norte de la regi\u00f3n Metropolitana.<\/p>\n<p>La directora nacional entreg\u00f3 recomendaciones para enfrentar el calor extremo. Estas incluyen evitar la exposici\u00f3n prolongada al sol, mantenerse hidratados y proteger especialmente a ni\u00f1os, personas mayores y mujeres embarazadas. Alicia Cebri\u00e1n indic\u00f3: &#8220;Las recomendaciones son las que hacemos habitualmente: idealmente no exponerse, mantenerte hidratado, preocuparse de los grupos m\u00e1s vulnerables frente al calor&#8221;.<\/p>\n<p>A este escenario se suma una alerta por tormentas el\u00e9ctricas en el extremo norte del pa\u00eds, entre Arica y Antofagasta. Adem\u00e1s, <a href=\"http:\/\/www.senapred.cl\">Senapred<\/a> emiti\u00f3 un aviso sobre precipitaciones intensas en corto periodo de tiempo en sectores cordilleranos, lo que podr\u00eda generar riesgos asociados a crecidas repentinas.<\/p>\n<p>El ministro del Interior hizo un llamado a la responsabilidad ciudadana frente a conductas de riesgo que podr\u00edan provocar incendios forestales devastadores. Estos incluyen los ocurridos en las regiones de \u00d1uble y Biob\u00edo durante esta temporada.<\/p>\n<p>Finalmente, <a href=\"http:\/\/www.senapred.cl\">Senapred<\/a> inform\u00f3 que la situaci\u00f3n ser\u00e1 monitoreada de manera permanente, con evaluaciones cada seis horas. El organismo reiter\u00f3 el llamado a la ciudadan\u00eda a informarse por canales oficiales.<\/p>\n","protected":false},"excerpt":{"rendered":"<p>El ministro del Interior, \u00c1lvaro Elizalde, junto a Alicia Cebri\u00e1n, directora nacional de Senapred, lideraron una reuni\u00f3n en la central del Sistema Nacional de Prevenci\u00f3n y Respuesta ante Desastres. Su objetivo fue definir cursos de acci\u00f3n para los eventos meteorol\u00f3gicos previstos. Desde el Gobierno se explic\u00f3 que la coordinaci\u00f3n busca anticiparse a posibles incendios forestales [&hellip;]<\/p>\n","protected":false},"author":2,"featured_media":23477,"comment_status":"closed","ping_status":"open","sticky":false,"template":"","format":"standard","meta":{"_jetpack_memberships_contains_paid_content":false,"jnews-multi-image_gallery":[],"jnews_single_post":[],"jnews_primary_category":[],"jnews_social_meta":[],"jnews_paywall_metabox":[],"jnews_review":[],"enable_review":"","type":"","name":"","summary":"","brand":"","sku":"","good":[],"bad":[],"score_override":"","override_value":"","rating":[],"price":[],"jnews_override_counter":[],"jnews_post_split":[],"footnotes":""},"categories":[21],"tags":[],"class_list":["post-23478","post","type-post","status-publish","format-standard","has-post-thumbnail","hentry","category-nacional"],"jetpack_featured_media_url":"https:\/\/laserenaradio.cl\/web\/wp-content\/uploads\/2026\/02\/mediapiaiextstaticimg_webpincendiosenapredalertaroja_0.webp","jetpack_sharing_enabled":true,"_links":{"self":[{"href":"https:\/\/laserenaradio.cl\/web\/wp-json\/wp\/v2\/posts\/23478","targetHints":{"allow":["GET"]}}],"collection":[{"href":"https:\/\/laserenaradio.cl\/web\/wp-json\/wp\/v2\/posts"}],"about":[{"href":"https:\/\/laserenaradio.cl\/web\/wp-json\/wp\/v2\/types\/post"}],"author":[{"embeddable":true,"href":"https:\/\/laserenaradio.cl\/web\/wp-json\/wp\/v2\/users\/2"}],"replies":[{"embeddable":true,"href":"https:\/\/laserenaradio.cl\/web\/wp-json\/wp\/v2\/comments?post=23478"}],"version-history":[{"count":1,"href":"https:\/\/laserenaradio.cl\/web\/wp-json\/wp\/v2\/posts\/23478\/revisions"}],"predecessor-version":[{"id":23479,"href":"https:\/\/laserenaradio.cl\/web\/wp-json\/wp\/v2\/posts\/23478\/revisions\/23479"}],"wp:featuredmedia":[{"embeddable":true,"href":"https:\/\/laserenaradio.cl\/web\/wp-json\/wp\/v2\/media\/23477"}],"wp:attachment":[{"href":"https:\/\/laserenaradio.cl\/web\/wp-json\/wp\/v2\/media?parent=23478"}],"wp:term":[{"taxonomy":"category","embeddable":true,"href":"https:\/\/laserenaradio.cl\/web\/wp-json\/wp\/v2\/categories?post=23478"},{"taxonomy":"post_tag","embeddable":true,"href":"https:\/\/laserenaradio.cl\/web\/wp-json\/wp\/v2\/tags?post=23478"}],"curies":[{"name":"wp","href":"https:\/\/api.w.org\/{rel}","templated":true}]}}