{"id":23472,"date":"2026-02-07T12:35:39","date_gmt":"2026-02-07T15:35:39","guid":{"rendered":"https:\/\/laserenaradio.cl\/web\/?p=23472"},"modified":"2026-02-07T12:35:39","modified_gmt":"2026-02-07T15:35:39","slug":"hallazgo-de-cuerpo-humano-con-lesiones-en-la-ligua","status":"publish","type":"post","link":"https:\/\/laserenaradio.cl\/web\/2026\/02\/07\/hallazgo-de-cuerpo-humano-con-lesiones-en-la-ligua\/","title":{"rendered":"Hallazgo de cuerpo humano con lesiones en La Ligua."},"content":{"rendered":"<p>En la comuna de La Ligua, espec\u00edficamente en Quinquimo, se report\u00f3 un cuerpo en un inmueble, lo que llev\u00f3 a la Brigada de Homicidios de Los Andes a intervenir. Seguidamente, el fiscal de turno instruy\u00f3 a recabar m\u00e1s informaci\u00f3n sobre los hechos. <\/p>\n<p>Seg\u00fan Patricio Cuevas, jefe subrogante de la unidad especializada, las primeras investigaciones indicaron que la v\u00edctima era un hombre adulto con lesiones sugestivas de agresi\u00f3n por parte de terceros. <\/p>\n<p>La Polic\u00eda de Investigaciones est\u00e1 llevando a cabo una investigaci\u00f3n exhaustiva con el apoyo del Laboratorio de Criminal\u00edstica regional para determinar los detalles exactos del caso y lograr la identificaci\u00f3n de los responsables del asesinato.<\/p>\n","protected":false},"excerpt":{"rendered":"<p>En la comuna de La Ligua, espec\u00edficamente en Quinquimo, se report\u00f3 un cuerpo en un inmueble, lo que llev\u00f3 a la Brigada de Homicidios de Los Andes a intervenir. Seguidamente, el fiscal de turno instruy\u00f3 a recabar m\u00e1s informaci\u00f3n sobre los hechos. Seg\u00fan Patricio Cuevas, jefe subrogante de la unidad especializada, las primeras investigaciones indicaron [&hellip;]<\/p>\n","protected":false},"author":2,"featured_media":23471,"comment_status":"closed","ping_status":"open","sticky":false,"template":"","format":"standard","meta":{"_jetpack_memberships_contains_paid_content":false,"jnews-multi-image_gallery":[],"jnews_single_post":[],"jnews_primary_category":[],"jnews_social_meta":[],"jnews_paywall_metabox":[],"jnews_review":[],"enable_review":"","type":"","name":"","summary":"","brand":"","sku":"","good":[],"bad":[],"score_override":"","override_value":"","rating":[],"price":[],"jnews_override_counter":[],"jnews_post_split":[],"footnotes":""},"categories":[21],"tags":[],"class_list":["post-23472","post","type-post","status-publish","format-standard","has-post-thumbnail","hentry","category-nacional"],"jetpack_featured_media_url":"https:\/\/laserenaradio.cl\/web\/wp-content\/uploads\/2026\/02\/mediapiaiextstaticimg_webpHallazgoCabrero_1.webp","jetpack_sharing_enabled":true,"_links":{"self":[{"href":"https:\/\/laserenaradio.cl\/web\/wp-json\/wp\/v2\/posts\/23472","targetHints":{"allow":["GET"]}}],"collection":[{"href":"https:\/\/laserenaradio.cl\/web\/wp-json\/wp\/v2\/posts"}],"about":[{"href":"https:\/\/laserenaradio.cl\/web\/wp-json\/wp\/v2\/types\/post"}],"author":[{"embeddable":true,"href":"https:\/\/laserenaradio.cl\/web\/wp-json\/wp\/v2\/users\/2"}],"replies":[{"embeddable":true,"href":"https:\/\/laserenaradio.cl\/web\/wp-json\/wp\/v2\/comments?post=23472"}],"version-history":[{"count":1,"href":"https:\/\/laserenaradio.cl\/web\/wp-json\/wp\/v2\/posts\/23472\/revisions"}],"predecessor-version":[{"id":23473,"href":"https:\/\/laserenaradio.cl\/web\/wp-json\/wp\/v2\/posts\/23472\/revisions\/23473"}],"wp:featuredmedia":[{"embeddable":true,"href":"https:\/\/laserenaradio.cl\/web\/wp-json\/wp\/v2\/media\/23471"}],"wp:attachment":[{"href":"https:\/\/laserenaradio.cl\/web\/wp-json\/wp\/v2\/media?parent=23472"}],"wp:term":[{"taxonomy":"category","embeddable":true,"href":"https:\/\/laserenaradio.cl\/web\/wp-json\/wp\/v2\/categories?post=23472"},{"taxonomy":"post_tag","embeddable":true,"href":"https:\/\/laserenaradio.cl\/web\/wp-json\/wp\/v2\/tags?post=23472"}],"curies":[{"name":"wp","href":"https:\/\/api.w.org\/{rel}","templated":true}]}}