{"id":23469,"date":"2026-02-07T12:33:45","date_gmt":"2026-02-07T15:33:45","guid":{"rendered":"https:\/\/laserenaradio.cl\/web\/?p=23469"},"modified":"2026-02-07T12:33:45","modified_gmt":"2026-02-07T15:33:45","slug":"extraditado-a-colombia-el-nono-lider-de-los-shottas","status":"publish","type":"post","link":"https:\/\/laserenaradio.cl\/web\/2026\/02\/07\/extraditado-a-colombia-el-nono-lider-de-los-shottas\/","title":{"rendered":"Extraditado a Colombia &#8220;El \u00d1o\u00f1o&#8221;, l\u00edder de Los Shottas"},"content":{"rendered":"<p>Este s\u00e1bado se concret\u00f3 la extradici\u00f3n de Jhon Camilo Florez Moreno, alias \u201cEl \u00d1o\u00f1o\u201d, l\u00edder de la banda criminal \u201cLos Shottas\u201d. Detenido en Chile en septiembre de 2025, el individuo fue requerido y trasladado a Colombia. <\/p>\n<p>El hombre, vinculado a distintos delitos, es imputado por el homicidio de su hija de 4 a\u00f1os. Seg\u00fan informaron desde la Polic\u00eda de Investigaciones, \u201cDetectives de las Oficinas Centrales Nacionales (OCN) de Interpol Santiago realizaron la extradici\u00f3n pasiva hacia Bogot\u00e1-Colombia, del ciudadano colombiano Jhon Camilo Florez Moreno, alias \u201cEl \u00d1o\u00f1o\u201d, quien era requerido por el delito de homicidio\u201d. <\/p>\n<p>Escap\u00f3 a Chile, atravesando un paso fronterizo no habilitado. Fue detenido el 5 de septiembre gracias al trabajo conjunto de Interpol y la Brigada de Homicidios de la <a href=\"https:\/\/www.pdichile.cl\/\">PDI<\/a> de Curic\u00f3. Desde entonces, se iniciaron los tr\u00e1mites diplom\u00e1ticos que permitieron su extradici\u00f3n.<\/p>\n<p>El Subcomisario Alex Varela, OCN Interpol Santiago, entreg\u00f3 m\u00e1s detalles sobre el caso: \u201cEl ciudadano colombiano de 29 a\u00f1os es imputado y requerido por las autoridades judiciales colombianas por el delito de homicidio agravado en contra de su hija. El hecho que motiv\u00f3 la extradici\u00f3n sucedi\u00f3 en el a\u00f1o 2024, cuando el imputado, en compa\u00f1\u00eda de su pareja de ese entonces, le quitaron la vida a la menor de 4 a\u00f1os\u201d. <\/p>\n<p>La banda \u201cLos Shottas\u201d es una organizaci\u00f3n criminal que opera principalmente en la ciudad de Buenaventura. De acuerdo con antecedentes policiales, se dedica al tr\u00e1fico de drogas y armas, sicariato y contrabando entre otros delitos.<\/p>\n","protected":false},"excerpt":{"rendered":"<p>Este s\u00e1bado se concret\u00f3 la extradici\u00f3n de Jhon Camilo Florez Moreno, alias \u201cEl \u00d1o\u00f1o\u201d, l\u00edder de la banda criminal \u201cLos Shottas\u201d. Detenido en Chile en septiembre de 2025, el individuo fue requerido y trasladado a Colombia. El hombre, vinculado a distintos delitos, es imputado por el homicidio de su hija de 4 a\u00f1os. Seg\u00fan informaron [&hellip;]<\/p>\n","protected":false},"author":2,"featured_media":23468,"comment_status":"closed","ping_status":"open","sticky":false,"template":"","format":"standard","meta":{"_jetpack_memberships_contains_paid_content":false,"jnews-multi-image_gallery":[],"jnews_single_post":[],"jnews_primary_category":[],"jnews_social_meta":[],"jnews_paywall_metabox":[],"jnews_review":[],"enable_review":"","type":"","name":"","summary":"","brand":"","sku":"","good":[],"bad":[],"score_override":"","override_value":"","rating":[],"price":[],"jnews_override_counter":[],"jnews_post_split":[],"footnotes":""},"categories":[21],"tags":[],"class_list":["post-23469","post","type-post","status-publish","format-standard","has-post-thumbnail","hentry","category-nacional"],"jetpack_featured_media_url":"https:\/\/laserenaradio.cl\/web\/wp-content\/uploads\/2026\/02\/mediapiaiextstaticimg_webpCalamaciudadanocolombianoherido_0.webp","jetpack_sharing_enabled":true,"_links":{"self":[{"href":"https:\/\/laserenaradio.cl\/web\/wp-json\/wp\/v2\/posts\/23469","targetHints":{"allow":["GET"]}}],"collection":[{"href":"https:\/\/laserenaradio.cl\/web\/wp-json\/wp\/v2\/posts"}],"about":[{"href":"https:\/\/laserenaradio.cl\/web\/wp-json\/wp\/v2\/types\/post"}],"author":[{"embeddable":true,"href":"https:\/\/laserenaradio.cl\/web\/wp-json\/wp\/v2\/users\/2"}],"replies":[{"embeddable":true,"href":"https:\/\/laserenaradio.cl\/web\/wp-json\/wp\/v2\/comments?post=23469"}],"version-history":[{"count":1,"href":"https:\/\/laserenaradio.cl\/web\/wp-json\/wp\/v2\/posts\/23469\/revisions"}],"predecessor-version":[{"id":23470,"href":"https:\/\/laserenaradio.cl\/web\/wp-json\/wp\/v2\/posts\/23469\/revisions\/23470"}],"wp:featuredmedia":[{"embeddable":true,"href":"https:\/\/laserenaradio.cl\/web\/wp-json\/wp\/v2\/media\/23468"}],"wp:attachment":[{"href":"https:\/\/laserenaradio.cl\/web\/wp-json\/wp\/v2\/media?parent=23469"}],"wp:term":[{"taxonomy":"category","embeddable":true,"href":"https:\/\/laserenaradio.cl\/web\/wp-json\/wp\/v2\/categories?post=23469"},{"taxonomy":"post_tag","embeddable":true,"href":"https:\/\/laserenaradio.cl\/web\/wp-json\/wp\/v2\/tags?post=23469"}],"curies":[{"name":"wp","href":"https:\/\/api.w.org\/{rel}","templated":true}]}}