{"id":23457,"date":"2026-02-06T22:16:07","date_gmt":"2026-02-07T01:16:07","guid":{"rendered":"https:\/\/laserenaradio.cl\/web\/?p=23457"},"modified":"2026-02-06T22:16:07","modified_gmt":"2026-02-07T01:16:07","slug":"licitacion-del-teleferico-valparaiso-proceso-concluye-sin-oferentes","status":"publish","type":"post","link":"https:\/\/laserenaradio.cl\/web\/2026\/02\/06\/licitacion-del-teleferico-valparaiso-proceso-concluye-sin-oferentes\/","title":{"rendered":"Licitaci\u00f3n del telef\u00e9rico Valpara\u00edso: proceso concluye sin oferentes"},"content":{"rendered":"<p>El proceso licitatorio del anteproyecto de telef\u00e9rico para Valpara\u00edso termin\u00f3 sin oferentes luego de que las \u00fanicas dos empresas que presentaron la oferta t\u00e9cnica fueran descartadas. Este resultado pone en suspenso una iniciativa vital para conectar el borde costero con Placilla, zona alejada de la ciudad.<\/p>\n<p>En este contexto, surgieron cr\u00edticas del Concejo Municipal al dise\u00f1o del proceso. Durante la licitaci\u00f3n, las empresas habr\u00edan realizado cerca de 230 consultas t\u00e9cnicas que fueron respondidas de forma gen\u00e9rica y no id\u00f3nea, seg\u00fan El Mercurio.<\/p>\n<p>El concejal Miguel Vergara calific\u00f3 la situaci\u00f3n como una se\u00f1al preocupante, afirmando que el rechazo de las dos \u00fanicas ofertas refleja posibles falencias en las bases o en el dise\u00f1o del proyecto. A su juicio, esto evidencia desprolijidad en el proceso.<\/p>\n<p>Alejandra Valencia, ingeniera en Transporte, destac\u00f3 los beneficios del telef\u00e9rico para Placilla, una zona con conectividad deficiente que no se condice con el crecimiento de su poblaci\u00f3n. De esta manera, el proyecto del telef\u00e9rico Bar\u00f3n\u2013Placilla vuelve a quedar en incertidumbre.<\/p>\n<p>As\u00ed las cosas, persisten las cr\u00edticas al proceso licitatorio por parte del Concejo Municipal y se mantiene la expectativa de vecinos y expertos ante una obra crucial para mejorar la movilidad y el desarrollo de Valpara\u00edso.<\/p>\n","protected":false},"excerpt":{"rendered":"<p>El proceso licitatorio del anteproyecto de telef\u00e9rico para Valpara\u00edso termin\u00f3 sin oferentes luego de que las \u00fanicas dos empresas que presentaron la oferta t\u00e9cnica fueran descartadas. Este resultado pone en suspenso una iniciativa vital para conectar el borde costero con Placilla, zona alejada de la ciudad. En este contexto, surgieron cr\u00edticas del Concejo Municipal al [&hellip;]<\/p>\n","protected":false},"author":2,"featured_media":23456,"comment_status":"closed","ping_status":"open","sticky":false,"template":"","format":"standard","meta":{"_jetpack_memberships_contains_paid_content":false,"jnews-multi-image_gallery":[],"jnews_single_post":[],"jnews_primary_category":[],"jnews_social_meta":[],"jnews_paywall_metabox":[],"jnews_review":[],"enable_review":"","type":"","name":"","summary":"","brand":"","sku":"","good":[],"bad":[],"score_override":"","override_value":"","rating":[],"price":[],"jnews_override_counter":[],"jnews_post_split":[],"footnotes":""},"categories":[21],"tags":[],"class_list":["post-23457","post","type-post","status-publish","format-standard","has-post-thumbnail","hentry","category-nacional"],"jetpack_featured_media_url":"https:\/\/laserenaradio.cl\/web\/wp-content\/uploads\/2026\/02\/mediapiaiextstaticimg_webpBomberoValparaiso_1.webp","jetpack_sharing_enabled":true,"_links":{"self":[{"href":"https:\/\/laserenaradio.cl\/web\/wp-json\/wp\/v2\/posts\/23457","targetHints":{"allow":["GET"]}}],"collection":[{"href":"https:\/\/laserenaradio.cl\/web\/wp-json\/wp\/v2\/posts"}],"about":[{"href":"https:\/\/laserenaradio.cl\/web\/wp-json\/wp\/v2\/types\/post"}],"author":[{"embeddable":true,"href":"https:\/\/laserenaradio.cl\/web\/wp-json\/wp\/v2\/users\/2"}],"replies":[{"embeddable":true,"href":"https:\/\/laserenaradio.cl\/web\/wp-json\/wp\/v2\/comments?post=23457"}],"version-history":[{"count":1,"href":"https:\/\/laserenaradio.cl\/web\/wp-json\/wp\/v2\/posts\/23457\/revisions"}],"predecessor-version":[{"id":23458,"href":"https:\/\/laserenaradio.cl\/web\/wp-json\/wp\/v2\/posts\/23457\/revisions\/23458"}],"wp:featuredmedia":[{"embeddable":true,"href":"https:\/\/laserenaradio.cl\/web\/wp-json\/wp\/v2\/media\/23456"}],"wp:attachment":[{"href":"https:\/\/laserenaradio.cl\/web\/wp-json\/wp\/v2\/media?parent=23457"}],"wp:term":[{"taxonomy":"category","embeddable":true,"href":"https:\/\/laserenaradio.cl\/web\/wp-json\/wp\/v2\/categories?post=23457"},{"taxonomy":"post_tag","embeddable":true,"href":"https:\/\/laserenaradio.cl\/web\/wp-json\/wp\/v2\/tags?post=23457"}],"curies":[{"name":"wp","href":"https:\/\/api.w.org\/{rel}","templated":true}]}}