{"id":23452,"date":"2026-02-06T22:09:12","date_gmt":"2026-02-07T01:09:12","guid":{"rendered":"https:\/\/laserenaradio.cl\/web\/?p=23452"},"modified":"2026-02-06T22:09:12","modified_gmt":"2026-02-07T01:09:12","slug":"hombre-condenado-a-presidio-perpetuo-por-femicidio","status":"publish","type":"post","link":"https:\/\/laserenaradio.cl\/web\/2026\/02\/06\/hombre-condenado-a-presidio-perpetuo-por-femicidio\/","title":{"rendered":"Hombre condenado a presidio perpetuo por femicidio"},"content":{"rendered":"<p>El Tribunal de Juicio Oral en lo Penal de Rancagua conden\u00f3 a Francisco Javier Ram\u00edrez Flores (25) a la pena de presidio perpetuo simple por femicidio \u00edntimo. Este viernes, en un fallo un\u00e1nime, el tribunal integrado por Paulina Bossy Chaparro, Fadua Salas Eljatib y Marcela Paredes Olave absolve al imputado del cargo de inhumaci\u00f3n ilegal.<\/p>\n<p>Camila Ugalde, una joven de 19 a\u00f1os, fue asesinada en diciembre de 2021 en San Vicente de Tagua Tagua. Desde mediados de 2021, Camila y Francisco Javier manten\u00edan una relaci\u00f3n de convivencia. Viviendo en un ruco o choza en camino Las Piedras s\/n, cancha de carrera, sector Z\u00fa\u00f1iga, Francisco realizaba labores de jinete y cuidador de caballos.<\/p>\n<p>A lo largo del tiempo, la joven sufri\u00f3 malos tratos tanto de palabra como f\u00edsicos. Estas agresiones se acentuaron hasta que el mes de diciembre termin\u00f3 con su asesinato en su domicilio. Despu\u00e9s, Francisco enterr\u00f3 el cad\u00e1ver cerca del lugar donde pernoctaban, amarr\u00e1ndola y cubriendo la cavidad con vestimentas, huesos de animales y basura.<\/p>\n<p>El fallo reconoce que los hechos son ejemplos de violencia de g\u00e9nero. Una vez ejecutado, se proceder\u00e1 a tomar muestra biol\u00f3gica del sentenciado para incluir su huella gen\u00e9tica en el registro nacional de ADN de condenados.<\/p>\n<p>Ram\u00edrez Flores permaneci\u00f3 pr\u00f3fugo desde el crimen hasta septiembre de 2023, fecha en que fue detenido en Monte Patria. Durante este tiempo estuvo bajo prisi\u00f3n preventiva mientras se desarrollaba la indagatoria.<\/p>\n","protected":false},"excerpt":{"rendered":"<p>El Tribunal de Juicio Oral en lo Penal de Rancagua conden\u00f3 a Francisco Javier Ram\u00edrez Flores (25) a la pena de presidio perpetuo simple por femicidio \u00edntimo. Este viernes, en un fallo un\u00e1nime, el tribunal integrado por Paulina Bossy Chaparro, Fadua Salas Eljatib y Marcela Paredes Olave absolve al imputado del cargo de inhumaci\u00f3n ilegal. [&hellip;]<\/p>\n","protected":false},"author":2,"featured_media":23451,"comment_status":"closed","ping_status":"open","sticky":false,"template":"","format":"standard","meta":{"_jetpack_memberships_contains_paid_content":false,"jnews-multi-image_gallery":[],"jnews_single_post":[],"jnews_primary_category":[],"jnews_social_meta":[],"jnews_paywall_metabox":[],"jnews_review":[],"enable_review":"","type":"","name":"","summary":"","brand":"","sku":"","good":[],"bad":[],"score_override":"","override_value":"","rating":[],"price":[],"jnews_override_counter":[],"jnews_post_split":[],"footnotes":""},"categories":[21],"tags":[],"class_list":["post-23452","post","type-post","status-publish","format-standard","has-post-thumbnail","hentry","category-nacional"],"jetpack_featured_media_url":"https:\/\/laserenaradio.cl\/web\/wp-content\/uploads\/2026\/02\/mediapiaiextstaticimg_webpHombreFranciscoJavier_1.webp","jetpack_sharing_enabled":true,"_links":{"self":[{"href":"https:\/\/laserenaradio.cl\/web\/wp-json\/wp\/v2\/posts\/23452","targetHints":{"allow":["GET"]}}],"collection":[{"href":"https:\/\/laserenaradio.cl\/web\/wp-json\/wp\/v2\/posts"}],"about":[{"href":"https:\/\/laserenaradio.cl\/web\/wp-json\/wp\/v2\/types\/post"}],"author":[{"embeddable":true,"href":"https:\/\/laserenaradio.cl\/web\/wp-json\/wp\/v2\/users\/2"}],"replies":[{"embeddable":true,"href":"https:\/\/laserenaradio.cl\/web\/wp-json\/wp\/v2\/comments?post=23452"}],"version-history":[{"count":1,"href":"https:\/\/laserenaradio.cl\/web\/wp-json\/wp\/v2\/posts\/23452\/revisions"}],"predecessor-version":[{"id":23453,"href":"https:\/\/laserenaradio.cl\/web\/wp-json\/wp\/v2\/posts\/23452\/revisions\/23453"}],"wp:featuredmedia":[{"embeddable":true,"href":"https:\/\/laserenaradio.cl\/web\/wp-json\/wp\/v2\/media\/23451"}],"wp:attachment":[{"href":"https:\/\/laserenaradio.cl\/web\/wp-json\/wp\/v2\/media?parent=23452"}],"wp:term":[{"taxonomy":"category","embeddable":true,"href":"https:\/\/laserenaradio.cl\/web\/wp-json\/wp\/v2\/categories?post=23452"},{"taxonomy":"post_tag","embeddable":true,"href":"https:\/\/laserenaradio.cl\/web\/wp-json\/wp\/v2\/tags?post=23452"}],"curies":[{"name":"wp","href":"https:\/\/api.w.org\/{rel}","templated":true}]}}