{"id":23449,"date":"2026-02-06T22:05:29","date_gmt":"2026-02-07T01:05:29","guid":{"rendered":"https:\/\/laserenaradio.cl\/web\/?p=23449"},"modified":"2026-02-06T22:05:29","modified_gmt":"2026-02-07T01:05:29","slug":"rescatan-persona-en-la-serena-por-fuerte-oleaje","status":"publish","type":"post","link":"https:\/\/laserenaradio.cl\/web\/2026\/02\/06\/rescatan-persona-en-la-serena-por-fuerte-oleaje\/","title":{"rendered":"Rescatan persona en La Serena por fuerte oleaje"},"content":{"rendered":"<p>Durante la tarde de este viernes, testigos registraron un procedimiento de rescate de una persona que no lograba salir del mar en el sector Faro Norte de La Serena, regi\u00f3n de Coquimbo. En el lugar, la v\u00edctima fue auxiliada por dos salvavidas de la <a href=\"http:\/\/www.laserena.cl\/\">Municipalidad de La Serena<\/a> y por personal de la Armada, a trav\u00e9s de un helic\u00f3ptero naval de la Capitan\u00eda de Puerto de Coquimbo.<\/p>\n<p>El comandante Daniel Sarzosa, capit\u00e1n de puerto de Coquimbo y gobernador mar\u00edtimo (S), relat\u00f3 que, &#8220;personal de la Autoridad Mar\u00edtima realiz\u00f3 un operativo de rescate en el sector del Faro Monumental de La Serena, luego de que una persona se encontrara en riesgo de inmersi\u00f3n producto del fuerte oleaje.&#8221; <\/p>\n<p>Seg\u00fan el capit\u00e1n de puerto, &#8220;el hecho ocurri\u00f3 alrededor de las 15:50 horas, cuando se recibi\u00f3 una alerta al n\u00famero 137 por una persona que no lograba salir del mar. De manera inmediata, personal de salvavidas ingres\u00f3 al agua para intentar el rescate, sin embargo, las condiciones del sector dificultaron las maniobras.&#8221;<\/p>\n<p>Ante esta situaci\u00f3n, se coordin\u00f3 el apoyo a\u00e9reo, logrando finalmente el rescate mediante un helic\u00f3ptero naval, junto a su equipo de rescatistas. Posteriormente, la persona fue atendida por personal de la Patrulla de Polic\u00eda Mar\u00edtima, mientras se esperaba la llegada del personal de salud, siendo luego trasladada hasta un recinto hospitalario.<\/p>\n<p>De acuerdo a informaci\u00f3n preliminar, aunque la persona fue estabilizada en el lugar, permanece en estado cr\u00edtico. Por su parte, Claudio Pardo, voluntario de <a href=\"https:\/\/www.bomberos.cl\/\">Bomberos<\/a> que prest\u00f3 apoyo en el rescate, se\u00f1al\u00f3 que &#8220;se trat\u00f3 de un joven de 17 a\u00f1os que permaneci\u00f3 en el agua entre 15 y 20 minutos. Al momento de llegar al lugar, hab\u00eda tres salvavidas realizando labores de rescate en el mar. Posteriormente arrib\u00f3 personal de la Armada, quienes lograron sacarlo del agua y trasladarlo hasta la playa.&#8221;<\/p>\n<p>Pardo explic\u00f3 que, una vez en tierra, el adolescente fue atendido por personal municipal y param\u00e9dicos. &#8220;El joven estaba en muy mal estado, con mucha agua en su organismo. Se trabaj\u00f3 intensamente para estabilizarlo hasta la llegada del SAMU, que finalmente se hizo cargo de su traslado. Desconozco su evoluci\u00f3n posterior&#8221;, indic\u00f3.<\/p>\n<p>Finalmente, Pardo hizo un llamado a la prevenci\u00f3n y a tomar conciencia de los riesgos del mar. &#8220;A pesar de lo ocurrido, vimos como otras personas segu\u00edan ingresando al agua, incluso mientras los salvavidas realizaban nuevos rescates. Falta mucha conciencia del peligro que representan las marejadas y las condiciones del mar&#8221;, concluy\u00f3.<\/p>\n","protected":false},"excerpt":{"rendered":"<p>Durante la tarde de este viernes, testigos registraron un procedimiento de rescate de una persona que no lograba salir del mar en el sector Faro Norte de La Serena, regi\u00f3n de Coquimbo. En el lugar, la v\u00edctima fue auxiliada por dos salvavidas de la Municipalidad de La Serena y por personal de la Armada, a [&hellip;]<\/p>\n","protected":false},"author":2,"featured_media":23448,"comment_status":"closed","ping_status":"open","sticky":false,"template":"","format":"standard","meta":{"_jetpack_memberships_contains_paid_content":false,"jnews-multi-image_gallery":[],"jnews_single_post":[],"jnews_primary_category":[],"jnews_social_meta":[],"jnews_paywall_metabox":[],"jnews_review":[],"enable_review":"","type":"","name":"","summary":"","brand":"","sku":"","good":[],"bad":[],"score_override":"","override_value":"","rating":[],"price":[],"jnews_override_counter":[],"jnews_post_split":[],"footnotes":""},"categories":[21],"tags":[],"class_list":["post-23449","post","type-post","status-publish","format-standard","has-post-thumbnail","hentry","category-nacional"],"jetpack_featured_media_url":"https:\/\/laserenaradio.cl\/web\/wp-content\/uploads\/2026\/02\/mediapiaiextstaticimg_webpRescateSerena_0.webp","jetpack_sharing_enabled":true,"_links":{"self":[{"href":"https:\/\/laserenaradio.cl\/web\/wp-json\/wp\/v2\/posts\/23449","targetHints":{"allow":["GET"]}}],"collection":[{"href":"https:\/\/laserenaradio.cl\/web\/wp-json\/wp\/v2\/posts"}],"about":[{"href":"https:\/\/laserenaradio.cl\/web\/wp-json\/wp\/v2\/types\/post"}],"author":[{"embeddable":true,"href":"https:\/\/laserenaradio.cl\/web\/wp-json\/wp\/v2\/users\/2"}],"replies":[{"embeddable":true,"href":"https:\/\/laserenaradio.cl\/web\/wp-json\/wp\/v2\/comments?post=23449"}],"version-history":[{"count":1,"href":"https:\/\/laserenaradio.cl\/web\/wp-json\/wp\/v2\/posts\/23449\/revisions"}],"predecessor-version":[{"id":23450,"href":"https:\/\/laserenaradio.cl\/web\/wp-json\/wp\/v2\/posts\/23449\/revisions\/23450"}],"wp:featuredmedia":[{"embeddable":true,"href":"https:\/\/laserenaradio.cl\/web\/wp-json\/wp\/v2\/media\/23448"}],"wp:attachment":[{"href":"https:\/\/laserenaradio.cl\/web\/wp-json\/wp\/v2\/media?parent=23449"}],"wp:term":[{"taxonomy":"category","embeddable":true,"href":"https:\/\/laserenaradio.cl\/web\/wp-json\/wp\/v2\/categories?post=23449"},{"taxonomy":"post_tag","embeddable":true,"href":"https:\/\/laserenaradio.cl\/web\/wp-json\/wp\/v2\/tags?post=23449"}],"curies":[{"name":"wp","href":"https:\/\/api.w.org\/{rel}","templated":true}]}}