{"id":23430,"date":"2026-02-06T12:18:10","date_gmt":"2026-02-06T15:18:10","guid":{"rendered":"https:\/\/laserenaradio.cl\/web\/?p=23430"},"modified":"2026-02-06T12:18:10","modified_gmt":"2026-02-06T15:18:10","slug":"gobernadores-regionales-preocupados-por-posibles-rebajas-presupuestarias","status":"publish","type":"post","link":"https:\/\/laserenaradio.cl\/web\/2026\/02\/06\/gobernadores-regionales-preocupados-por-posibles-rebajas-presupuestarias\/","title":{"rendered":"Gobernadores regionales preocupados por posibles rebajas presupuestarias"},"content":{"rendered":"<p>Previo a la discusi\u00f3n del Presupuesto 2026, los gobernadores regionales ped\u00edan no ser nuevamente los frente de malas proyecciones en ingresos. La situaci\u00f3n se intensific\u00f3 con una filtraci\u00f3n que mostraba el sello de la Direcci\u00f3n de Presupuesto (Dipres) indicando reducciones para 12 regiones. Esta imagen moviliz\u00f3 a los Gobiernos Regionales, quienes llegaron al Congreso Nacional a manifestar su rechazo.<\/p>\n<p>Hoy, con un d\u00e9ficit fiscal del 2,8% y sobreestimaciones en el Presupuesto actual, la preocupaci\u00f3n por posibles incumplimientos persiste. Alejandro Santana, gobernador de Los Lagos, destac\u00f3 que, aunque su regi\u00f3n tiene una ejecuci\u00f3n presupuestaria del 100%, no recibe transferencias por 16 mil millones de pesos desde el a\u00f1o anterior. Santana explic\u00f3 que este es un problema generalizado en todo el pa\u00eds.<\/p>\n<p>Los Gobiernos Regionales son extremadamente vulnerables a medidas centralizadas, lo cual motiv\u00f3 que Santana anticipara una conversaci\u00f3n con el futuro ministro de Hacienda, Jorge Quiroz.<\/p>\n<p>Pablo Silva, gobernador de O\u2019Higgins y presidente de la Asociaci\u00f3n de Gobernadores y Gobernadoras Regionales de Chile, expres\u00f3 su preocupaci\u00f3n por posibles nuevas rebajas de presupuesto, repitiendo los recortes experimentados en 2024 y 2025. Silva hizo un llamado a los parlamentarios para resguardar los recursos de sus respectivas regiones.<\/p>\n<p>El objetivo, seg\u00fan Silva, no es solo ayudar a los gobernadores, sino defender la inversi\u00f3n que hacen los Gobiernos Regionales en beneficio directo de las personas y sus comunidades.<\/p>\n","protected":false},"excerpt":{"rendered":"<p>Previo a la discusi\u00f3n del Presupuesto 2026, los gobernadores regionales ped\u00edan no ser nuevamente los frente de malas proyecciones en ingresos. La situaci\u00f3n se intensific\u00f3 con una filtraci\u00f3n que mostraba el sello de la Direcci\u00f3n de Presupuesto (Dipres) indicando reducciones para 12 regiones. Esta imagen moviliz\u00f3 a los Gobiernos Regionales, quienes llegaron al Congreso Nacional [&hellip;]<\/p>\n","protected":false},"author":2,"featured_media":23429,"comment_status":"closed","ping_status":"open","sticky":false,"template":"","format":"standard","meta":{"_jetpack_memberships_contains_paid_content":false,"jnews-multi-image_gallery":[],"jnews_single_post":[],"jnews_primary_category":[],"jnews_social_meta":[],"jnews_paywall_metabox":[],"jnews_review":[],"enable_review":"","type":"","name":"","summary":"","brand":"","sku":"","good":[],"bad":[],"score_override":"","override_value":"","rating":[],"price":[],"jnews_override_counter":[],"jnews_post_split":[],"footnotes":""},"categories":[21],"tags":[],"class_list":["post-23430","post","type-post","status-publish","format-standard","has-post-thumbnail","hentry","category-nacional"],"jetpack_featured_media_url":"https:\/\/laserenaradio.cl\/web\/wp-content\/uploads\/2026\/02\/mediapiaiextstaticimg_webppresupuestoGobiernoRegionalSaffirioregionales_0.webp","jetpack_sharing_enabled":true,"_links":{"self":[{"href":"https:\/\/laserenaradio.cl\/web\/wp-json\/wp\/v2\/posts\/23430","targetHints":{"allow":["GET"]}}],"collection":[{"href":"https:\/\/laserenaradio.cl\/web\/wp-json\/wp\/v2\/posts"}],"about":[{"href":"https:\/\/laserenaradio.cl\/web\/wp-json\/wp\/v2\/types\/post"}],"author":[{"embeddable":true,"href":"https:\/\/laserenaradio.cl\/web\/wp-json\/wp\/v2\/users\/2"}],"replies":[{"embeddable":true,"href":"https:\/\/laserenaradio.cl\/web\/wp-json\/wp\/v2\/comments?post=23430"}],"version-history":[{"count":1,"href":"https:\/\/laserenaradio.cl\/web\/wp-json\/wp\/v2\/posts\/23430\/revisions"}],"predecessor-version":[{"id":23431,"href":"https:\/\/laserenaradio.cl\/web\/wp-json\/wp\/v2\/posts\/23430\/revisions\/23431"}],"wp:featuredmedia":[{"embeddable":true,"href":"https:\/\/laserenaradio.cl\/web\/wp-json\/wp\/v2\/media\/23429"}],"wp:attachment":[{"href":"https:\/\/laserenaradio.cl\/web\/wp-json\/wp\/v2\/media?parent=23430"}],"wp:term":[{"taxonomy":"category","embeddable":true,"href":"https:\/\/laserenaradio.cl\/web\/wp-json\/wp\/v2\/categories?post=23430"},{"taxonomy":"post_tag","embeddable":true,"href":"https:\/\/laserenaradio.cl\/web\/wp-json\/wp\/v2\/tags?post=23430"}],"curies":[{"name":"wp","href":"https:\/\/api.w.org\/{rel}","templated":true}]}}