{"id":23424,"date":"2026-02-06T08:32:11","date_gmt":"2026-02-06T11:32:11","guid":{"rendered":"https:\/\/laserenaradio.cl\/web\/?p=23424"},"modified":"2026-02-06T08:32:11","modified_gmt":"2026-02-06T11:32:11","slug":"ciudadano-colombiano-desarmo-a-carabineros-y-disparo-dentro-de-una-comisaria","status":"publish","type":"post","link":"https:\/\/laserenaradio.cl\/web\/2026\/02\/06\/ciudadano-colombiano-desarmo-a-carabineros-y-disparo-dentro-de-una-comisaria\/","title":{"rendered":"Ciudadano colombiano desarm\u00f3 a Carabineros y dispar\u00f3 dentro de una comisaria."},"content":{"rendered":"<p>Un ciudadano colombiano dispar\u00f3 al interior de una comisaria durante horas de la madrugada de este viernes en la 34\u00aa Comisar\u00eda de Cerrillos. Pese a esto, no hubo heridos. <\/p>\n<p>El hecho comenz\u00f3 cuando <a href=\"https:\/\/www.carabineros.cl\/\">Carabineros<\/a> logr\u00f3 la detenci\u00f3n de un ciudadano colombiano de 21 a\u00f1os por una denuncia de violencia intrafamiliar. Tras ser trasladado hasta la unidad policial y ser llevado al calabozo, el detenido se abalanz\u00f3 contra tres polic\u00edas, inici\u00e1ndose un forcejeo que termin\u00f3 con \u00e9l sustraer el arma de servicio de uno de ellos y realizar disparos. <\/p>\n<p>El ruido alert\u00f3 a otros funcionarios en el interior del cuartel, quienes lograron reducir al detenido. <a href=\"https:\/\/www.carabineros.cl\/\">Carabineros<\/a> asegur\u00f3 que la persona presentaba s\u00edntomas de consumo de drogas. <\/p>\n<p>El mayor Carlos Espinoza, jefe de Operaciones Nocturnas, abord\u00f3 este procedimiento y se\u00f1al\u00f3 que el imputado dispar\u00f3 en dos ocasiones. Adem\u00e1s de la detenci\u00f3n por violencia intrafamiliar, el sujeto contaba con una orden de detenci\u00f3n vigente por robo con intimidaci\u00f3n. El ciudadano ser\u00e1 formalizado por maltrato de obra a <a href=\"https:\/\/www.carabineros.cl\/\">Carabineros<\/a>, homicidio frustrado a <a href=\"https:\/\/www.carabineros.cl\/\">Carabineros<\/a> en servicio, sustracci\u00f3n del armamento y tambi\u00e9n intento de incendio, ya que quiso prender fuego al interior de la comisar\u00eda con un encendedor.<\/p>\n","protected":false},"excerpt":{"rendered":"<p>Un ciudadano colombiano dispar\u00f3 al interior de una comisaria durante horas de la madrugada de este viernes en la 34\u00aa Comisar\u00eda de Cerrillos. Pese a esto, no hubo heridos. El hecho comenz\u00f3 cuando Carabineros logr\u00f3 la detenci\u00f3n de un ciudadano colombiano de 21 a\u00f1os por una denuncia de violencia intrafamiliar. Tras ser trasladado hasta la [&hellip;]<\/p>\n","protected":false},"author":2,"featured_media":23423,"comment_status":"closed","ping_status":"open","sticky":false,"template":"","format":"standard","meta":{"_jetpack_memberships_contains_paid_content":false,"jnews-multi-image_gallery":[],"jnews_single_post":[],"jnews_primary_category":[],"jnews_social_meta":[],"jnews_paywall_metabox":[],"jnews_review":[],"enable_review":"","type":"","name":"","summary":"","brand":"","sku":"","good":[],"bad":[],"score_override":"","override_value":"","rating":[],"price":[],"jnews_override_counter":[],"jnews_post_split":[],"footnotes":""},"categories":[21],"tags":[],"class_list":["post-23424","post","type-post","status-publish","format-standard","has-post-thumbnail","hentry","category-nacional"],"jetpack_featured_media_url":"https:\/\/laserenaradio.cl\/web\/wp-content\/uploads\/2026\/02\/mediapiaiextstaticimg_webpcarabinerosCarabinerosrobofuncionario_1.webp","jetpack_sharing_enabled":true,"_links":{"self":[{"href":"https:\/\/laserenaradio.cl\/web\/wp-json\/wp\/v2\/posts\/23424","targetHints":{"allow":["GET"]}}],"collection":[{"href":"https:\/\/laserenaradio.cl\/web\/wp-json\/wp\/v2\/posts"}],"about":[{"href":"https:\/\/laserenaradio.cl\/web\/wp-json\/wp\/v2\/types\/post"}],"author":[{"embeddable":true,"href":"https:\/\/laserenaradio.cl\/web\/wp-json\/wp\/v2\/users\/2"}],"replies":[{"embeddable":true,"href":"https:\/\/laserenaradio.cl\/web\/wp-json\/wp\/v2\/comments?post=23424"}],"version-history":[{"count":1,"href":"https:\/\/laserenaradio.cl\/web\/wp-json\/wp\/v2\/posts\/23424\/revisions"}],"predecessor-version":[{"id":23425,"href":"https:\/\/laserenaradio.cl\/web\/wp-json\/wp\/v2\/posts\/23424\/revisions\/23425"}],"wp:featuredmedia":[{"embeddable":true,"href":"https:\/\/laserenaradio.cl\/web\/wp-json\/wp\/v2\/media\/23423"}],"wp:attachment":[{"href":"https:\/\/laserenaradio.cl\/web\/wp-json\/wp\/v2\/media?parent=23424"}],"wp:term":[{"taxonomy":"category","embeddable":true,"href":"https:\/\/laserenaradio.cl\/web\/wp-json\/wp\/v2\/categories?post=23424"},{"taxonomy":"post_tag","embeddable":true,"href":"https:\/\/laserenaradio.cl\/web\/wp-json\/wp\/v2\/tags?post=23424"}],"curies":[{"name":"wp","href":"https:\/\/api.w.org\/{rel}","templated":true}]}}