{"id":23412,"date":"2026-02-05T12:34:16","date_gmt":"2026-02-05T15:34:16","guid":{"rendered":"https:\/\/laserenaradio.cl\/web\/?p=23412"},"modified":"2026-02-05T12:34:16","modified_gmt":"2026-02-05T15:34:16","slug":"parque-bosque-san-carlos-de-coquimbo-sufre-deterioro-y-es-foco-de-actividades-ilicitas","status":"publish","type":"post","link":"https:\/\/laserenaradio.cl\/web\/2026\/02\/05\/parque-bosque-san-carlos-de-coquimbo-sufre-deterioro-y-es-foco-de-actividades-ilicitas\/","title":{"rendered":"Parque Bosque San Carlos de Coquimbo sufre deterioro y es foco de actividades il\u00edcitas"},"content":{"rendered":"<p>El sector Bosque San Carlos en Coquimbo se ha visto afectado por un marcado deterioro debido al abandono, convirti\u00e9ndose en un foco de incivilidades y situaciones de inseguridad durante las noches. Durante este per\u00edodo, el parque se transforma en &#8220;tierra de nadie&#8221;, repleto de personas consumiendo alcohol y otras actividades il\u00edcitas. La escasa iluminaci\u00f3n contribuye a la ocurrencia de asaltos a transe\u00fantes.<\/p>\n<p>Nayaret, vecina del sector, comenta que el lugar tiene \u201cunos escombros horribles\u201d y est\u00e1 lleno de basura debido a la falta de iluminaci\u00f3n. A\u00f1ade que hace unos a\u00f1os se llev\u00f3 a cabo una remodelaci\u00f3n, pero los resultados no son evidentes. \u00c1lvaro, quien no es residente, se\u00f1ala que el lugar era un espacio familiar hasta que se llen\u00f3 de personas consumiendo alcohol y dejando basura. Este sector ahora est\u00e1 lleno de vidrios rotos, lo que representa un peligro para mascotas y ni\u00f1os.<\/p>\n<p>Desde el municipio de Coquimbo informaron que mantienen rondas coordinadas con <a href=\"https:\/\/www.carabineros.cl\/\">Carabineros<\/a> para resguardar la seguridad del sector Bosque San Carlos. Asimismo, se menciona que cuadrillas de la Delegaci\u00f3n Municipal de Tierras Blancas realizan labores peri\u00f3dicas de limpieza, como el operativo completo de barrido, podas y retiro de basura los lunes.<\/p>\n<p>No obstante, una visita posterior del equipo de diario El D\u00eda constat\u00f3 la presencia de m\u00faltiples botellas, vidrios esparcidos y restos de alimentos, pese a las recientes limpiezas. En este contexto, desde la casa edilicia se hace un llamado a la comunidad para denunciar incivilidades a trav\u00e9s de <a href=\"https:\/\/www.carabineros.cl\/\">Carabineros<\/a> o del n\u00famero municipal 1420, se\u00f1alando que estos antecedentes son fundamentales para prevenir delitos.<\/p>\n","protected":false},"excerpt":{"rendered":"<p>El sector Bosque San Carlos en Coquimbo se ha visto afectado por un marcado deterioro debido al abandono, convirti\u00e9ndose en un foco de incivilidades y situaciones de inseguridad durante las noches. Durante este per\u00edodo, el parque se transforma en &#8220;tierra de nadie&#8221;, repleto de personas consumiendo alcohol y otras actividades il\u00edcitas. La escasa iluminaci\u00f3n contribuye [&hellip;]<\/p>\n","protected":false},"author":2,"featured_media":9076,"comment_status":"closed","ping_status":"open","sticky":false,"template":"","format":"standard","meta":{"_jetpack_memberships_contains_paid_content":false,"jnews-multi-image_gallery":[],"jnews_single_post":[],"jnews_primary_category":[],"jnews_social_meta":[],"jnews_paywall_metabox":[],"jnews_review":[],"enable_review":"","type":"","name":"","summary":"","brand":"","sku":"","good":[],"bad":[],"score_override":"","override_value":"","rating":[],"price":[],"jnews_override_counter":[],"jnews_post_split":[],"footnotes":""},"categories":[21],"tags":[],"class_list":["post-23412","post","type-post","status-publish","format-standard","has-post-thumbnail","hentry","category-nacional"],"jetpack_featured_media_url":"https:\/\/laserenaradio.cl\/web\/wp-content\/uploads\/2024\/12\/laserenaradio_nacional.webp","jetpack_sharing_enabled":true,"_links":{"self":[{"href":"https:\/\/laserenaradio.cl\/web\/wp-json\/wp\/v2\/posts\/23412","targetHints":{"allow":["GET"]}}],"collection":[{"href":"https:\/\/laserenaradio.cl\/web\/wp-json\/wp\/v2\/posts"}],"about":[{"href":"https:\/\/laserenaradio.cl\/web\/wp-json\/wp\/v2\/types\/post"}],"author":[{"embeddable":true,"href":"https:\/\/laserenaradio.cl\/web\/wp-json\/wp\/v2\/users\/2"}],"replies":[{"embeddable":true,"href":"https:\/\/laserenaradio.cl\/web\/wp-json\/wp\/v2\/comments?post=23412"}],"version-history":[{"count":1,"href":"https:\/\/laserenaradio.cl\/web\/wp-json\/wp\/v2\/posts\/23412\/revisions"}],"predecessor-version":[{"id":23413,"href":"https:\/\/laserenaradio.cl\/web\/wp-json\/wp\/v2\/posts\/23412\/revisions\/23413"}],"wp:featuredmedia":[{"embeddable":true,"href":"https:\/\/laserenaradio.cl\/web\/wp-json\/wp\/v2\/media\/9076"}],"wp:attachment":[{"href":"https:\/\/laserenaradio.cl\/web\/wp-json\/wp\/v2\/media?parent=23412"}],"wp:term":[{"taxonomy":"category","embeddable":true,"href":"https:\/\/laserenaradio.cl\/web\/wp-json\/wp\/v2\/categories?post=23412"},{"taxonomy":"post_tag","embeddable":true,"href":"https:\/\/laserenaradio.cl\/web\/wp-json\/wp\/v2\/tags?post=23412"}],"curies":[{"name":"wp","href":"https:\/\/api.w.org\/{rel}","templated":true}]}}