{"id":23402,"date":"2026-02-05T08:47:14","date_gmt":"2026-02-05T11:47:14","guid":{"rendered":"https:\/\/laserenaradio.cl\/web\/?p=23402"},"modified":"2026-02-05T08:47:14","modified_gmt":"2026-02-05T11:47:14","slug":"dos-personas-heridas-en-balacera-en-lo-espejo","status":"publish","type":"post","link":"https:\/\/laserenaradio.cl\/web\/2026\/02\/05\/dos-personas-heridas-en-balacera-en-lo-espejo\/","title":{"rendered":"Dos personas heridas en balacera en Lo Espejo"},"content":{"rendered":"<p><a href=\"https:\/\/www.carabineros.cl\/\">Carabineros<\/a> investiga una balacera que termin\u00f3 con dos personas heridas en la comuna de Lo Espejo. El incidente ocurri\u00f3 durante la madrugada en calle Cimaltepec, en la Villa Las Dunas. Por causas a\u00fan no aclaradas, dos hombres fueron baleados por sujetos desconocidos. Los heridos recibieron disparos en sus piernas y fueron trasladados a un centro asistencial con lesiones graves, pero fuera de riesgo vital.<\/p>\n<p>La emergencia fue reportada por vecinos del sector, quienes, tras escuchar una serie de disparos, alertaron a personal de la 11\u00aa Comisar\u00eda de <a href=\"https:\/\/www.carabineros.cl\/\">Carabineros<\/a> y a inspectores municipales. Al llegar al lugar, los uniformados encontraron a dos hombres adultos con heridas en sus extremidades inferiores, llev\u00e1ndolos hasta el cesfam m\u00e1s cercano.<\/p>\n<p>De momento, se realizan diligencias para identificar a los autores de este caso.<\/p>\n","protected":false},"excerpt":{"rendered":"<p>Carabineros investiga una balacera que termin\u00f3 con dos personas heridas en la comuna de Lo Espejo. El incidente ocurri\u00f3 durante la madrugada en calle Cimaltepec, en la Villa Las Dunas. Por causas a\u00fan no aclaradas, dos hombres fueron baleados por sujetos desconocidos. Los heridos recibieron disparos en sus piernas y fueron trasladados a un centro [&hellip;]<\/p>\n","protected":false},"author":2,"featured_media":23401,"comment_status":"closed","ping_status":"open","sticky":false,"template":"","format":"standard","meta":{"_jetpack_memberships_contains_paid_content":false,"jnews-multi-image_gallery":[],"jnews_single_post":[],"jnews_primary_category":[],"jnews_social_meta":[],"jnews_paywall_metabox":[],"jnews_review":[],"enable_review":"","type":"","name":"","summary":"","brand":"","sku":"","good":[],"bad":[],"score_override":"","override_value":"","rating":[],"price":[],"jnews_override_counter":[],"jnews_post_split":[],"footnotes":""},"categories":[21],"tags":[],"class_list":["post-23402","post","type-post","status-publish","format-standard","has-post-thumbnail","hentry","category-nacional"],"jetpack_featured_media_url":"https:\/\/laserenaradio.cl\/web\/wp-content\/uploads\/2026\/02\/mediapiaiextstaticimg_webpcarabinerosCarabinerosbalacera_1.webp","jetpack_sharing_enabled":true,"_links":{"self":[{"href":"https:\/\/laserenaradio.cl\/web\/wp-json\/wp\/v2\/posts\/23402","targetHints":{"allow":["GET"]}}],"collection":[{"href":"https:\/\/laserenaradio.cl\/web\/wp-json\/wp\/v2\/posts"}],"about":[{"href":"https:\/\/laserenaradio.cl\/web\/wp-json\/wp\/v2\/types\/post"}],"author":[{"embeddable":true,"href":"https:\/\/laserenaradio.cl\/web\/wp-json\/wp\/v2\/users\/2"}],"replies":[{"embeddable":true,"href":"https:\/\/laserenaradio.cl\/web\/wp-json\/wp\/v2\/comments?post=23402"}],"version-history":[{"count":1,"href":"https:\/\/laserenaradio.cl\/web\/wp-json\/wp\/v2\/posts\/23402\/revisions"}],"predecessor-version":[{"id":23403,"href":"https:\/\/laserenaradio.cl\/web\/wp-json\/wp\/v2\/posts\/23402\/revisions\/23403"}],"wp:featuredmedia":[{"embeddable":true,"href":"https:\/\/laserenaradio.cl\/web\/wp-json\/wp\/v2\/media\/23401"}],"wp:attachment":[{"href":"https:\/\/laserenaradio.cl\/web\/wp-json\/wp\/v2\/media?parent=23402"}],"wp:term":[{"taxonomy":"category","embeddable":true,"href":"https:\/\/laserenaradio.cl\/web\/wp-json\/wp\/v2\/categories?post=23402"},{"taxonomy":"post_tag","embeddable":true,"href":"https:\/\/laserenaradio.cl\/web\/wp-json\/wp\/v2\/tags?post=23402"}],"curies":[{"name":"wp","href":"https:\/\/api.w.org\/{rel}","templated":true}]}}