{"id":23396,"date":"2026-02-05T08:11:15","date_gmt":"2026-02-05T11:11:15","guid":{"rendered":"https:\/\/laserenaradio.cl\/web\/?p=23396"},"modified":"2026-02-05T08:11:15","modified_gmt":"2026-02-05T11:11:15","slug":"cierre-de-playa-amarilla-por-presencia-de-fragata-portuguesa","status":"publish","type":"post","link":"https:\/\/laserenaradio.cl\/web\/2026\/02\/05\/cierre-de-playa-amarilla-por-presencia-de-fragata-portuguesa\/","title":{"rendered":"Cierre de Playa Amarilla por presencia de fragata portuguesa"},"content":{"rendered":"<p>La Municipalidad de Conc\u00f3n confirm\u00f3 este mi\u00e9rcoles el cierre total de Playa Amarilla, en la regi\u00f3n de Valpara\u00edso. Esta medida rige desde hoy y proh\u00edbe de manera estricta el ba\u00f1o y cualquier actividad recreativa tanto en el mar como en la arena.<\/p>\n<p>Seg\u00fan inform\u00f3 el municipio, la decisi\u00f3n se adopt\u00f3 para resguardar la salud de vecinos, vecinas y turistas, luego de que se detectaran m\u00faltiples ejemplares de fragata portuguesa en la zona. El cierre no es un caso aislado; la misma restricci\u00f3n sigue vigente para las playas de Los Corsarios y Punta de Tralca, en la comuna de El Quisco, donde tambi\u00e9n se ha reportado la presencia de fragata portuguesa durante los \u00faltimos d\u00edas.<\/p>\n<p>Desde la autoridad sanitaria precisaron que la prohibici\u00f3n se mantendr\u00e1 hasta que disminuya el riesgo para la poblaci\u00f3n. La decisi\u00f3n se adopt\u00f3 tras la informaci\u00f3n entregada por la Armada sobre el avistamiento de estos organismos marinos, cuya picadura puede provocar fuertes quemaduras, dolor intenso y reacciones al\u00e9rgicas.<\/p>\n<p>La fragata portuguesa se distingue por poseer un flotador de hasta 20 cent\u00edmetros y tent\u00e1culos de hasta 20 metros de largo. En cada cent\u00edmetro cuadrado hay m\u00e1s de un mill\u00f3n de elementos urticantes.<\/p>\n<p>La autoridad sanitaria inform\u00f3 que, frente a una fragata portuguesa, es importante no ba\u00f1arse ni jugar en el agua; nunca tocar a esta especie, ni en el mar ni en la playa, ya que son t\u00f3xicas incluso estando muertas. Si se camina por la arena en su presencia, es importante protegerse con sandalias o zapatillas.<\/p>\n","protected":false},"excerpt":{"rendered":"<p>La Municipalidad de Conc\u00f3n confirm\u00f3 este mi\u00e9rcoles el cierre total de Playa Amarilla, en la regi\u00f3n de Valpara\u00edso. Esta medida rige desde hoy y proh\u00edbe de manera estricta el ba\u00f1o y cualquier actividad recreativa tanto en el mar como en la arena. Seg\u00fan inform\u00f3 el municipio, la decisi\u00f3n se adopt\u00f3 para resguardar la salud de [&hellip;]<\/p>\n","protected":false},"author":2,"featured_media":23395,"comment_status":"closed","ping_status":"open","sticky":false,"template":"","format":"standard","meta":{"_jetpack_memberships_contains_paid_content":false,"jnews-multi-image_gallery":[],"jnews_single_post":[],"jnews_primary_category":[],"jnews_social_meta":[],"jnews_paywall_metabox":[],"jnews_review":[],"enable_review":"","type":"","name":"","summary":"","brand":"","sku":"","good":[],"bad":[],"score_override":"","override_value":"","rating":[],"price":[],"jnews_override_counter":[],"jnews_post_split":[],"footnotes":""},"categories":[21],"tags":[],"class_list":["post-23396","post","type-post","status-publish","format-standard","has-post-thumbnail","hentry","category-nacional"],"jetpack_featured_media_url":"https:\/\/laserenaradio.cl\/web\/wp-content\/uploads\/2026\/02\/mediapiaiextstaticimg_webpfragataportuguesapresenciani_0.webp","jetpack_sharing_enabled":true,"_links":{"self":[{"href":"https:\/\/laserenaradio.cl\/web\/wp-json\/wp\/v2\/posts\/23396","targetHints":{"allow":["GET"]}}],"collection":[{"href":"https:\/\/laserenaradio.cl\/web\/wp-json\/wp\/v2\/posts"}],"about":[{"href":"https:\/\/laserenaradio.cl\/web\/wp-json\/wp\/v2\/types\/post"}],"author":[{"embeddable":true,"href":"https:\/\/laserenaradio.cl\/web\/wp-json\/wp\/v2\/users\/2"}],"replies":[{"embeddable":true,"href":"https:\/\/laserenaradio.cl\/web\/wp-json\/wp\/v2\/comments?post=23396"}],"version-history":[{"count":1,"href":"https:\/\/laserenaradio.cl\/web\/wp-json\/wp\/v2\/posts\/23396\/revisions"}],"predecessor-version":[{"id":23397,"href":"https:\/\/laserenaradio.cl\/web\/wp-json\/wp\/v2\/posts\/23396\/revisions\/23397"}],"wp:featuredmedia":[{"embeddable":true,"href":"https:\/\/laserenaradio.cl\/web\/wp-json\/wp\/v2\/media\/23395"}],"wp:attachment":[{"href":"https:\/\/laserenaradio.cl\/web\/wp-json\/wp\/v2\/media?parent=23396"}],"wp:term":[{"taxonomy":"category","embeddable":true,"href":"https:\/\/laserenaradio.cl\/web\/wp-json\/wp\/v2\/categories?post=23396"},{"taxonomy":"post_tag","embeddable":true,"href":"https:\/\/laserenaradio.cl\/web\/wp-json\/wp\/v2\/tags?post=23396"}],"curies":[{"name":"wp","href":"https:\/\/api.w.org\/{rel}","templated":true}]}}