{"id":23387,"date":"2026-02-04T22:17:34","date_gmt":"2026-02-05T01:17:34","guid":{"rendered":"https:\/\/laserenaradio.cl\/web\/?p=23387"},"modified":"2026-02-04T22:17:34","modified_gmt":"2026-02-05T01:17:34","slug":"marta-larraechea-sufre-paro-cardiorrespiratorio-en-traslado-medico","status":"publish","type":"post","link":"https:\/\/laserenaradio.cl\/web\/2026\/02\/04\/marta-larraechea-sufre-paro-cardiorrespiratorio-en-traslado-medico\/","title":{"rendered":"Marta Larraechea sufre paro cardiorrespiratorio en traslado m\u00e9dico"},"content":{"rendered":"<p>Marta Larraechea, ex primera dama y esposa del expresidente Eduardo Frei Ruiz-Tagle, permanece internada tras sufrir un paro cardiorrespiratorio durante un traslado m\u00e9dico en Valpara\u00edso. Inicialmente ingresada al Hospital Claudio Vicu\u00f1a de San Antonio por complicaciones que podr\u00edan ser resultado de una reacci\u00f3n al\u00e9rgica, sus condiciones empeoraron durante el traslado. <\/p>\n<p>La ex primera dama experiment\u00f3 una picadura de abeja en su domicilio de Santo Domingo, lo que llev\u00f3 a su ingreso al Cefam de la misma comuna, donde present\u00f3 signos de una reacci\u00f3n adversa. Posteriormente, durante el traslado en ambulancia desde el Cefam hacia San Antonio, sufri\u00f3 un paro cardiorrespiratorio cr\u00edtico y fue sometida a maniobras de reanimaci\u00f3n.<\/p>\n<p>Actualmente, Larraechea se encuentra estabilizada pero a\u00fan internada. El equipo m\u00e9dico contin\u00faa monitoreando su estado mientras se preparan para trasladarla al Helic\u00f3ptero de <a href=\"https:\/\/www.carabineros.cl\/\">Carabineros<\/a> que la llevar\u00e1 a la Cl\u00ednica Alemana de Santiago, donde recibir\u00e1 atenci\u00f3n m\u00e9dica especializada.<\/p>\n","protected":false},"excerpt":{"rendered":"<p>Marta Larraechea, ex primera dama y esposa del expresidente Eduardo Frei Ruiz-Tagle, permanece internada tras sufrir un paro cardiorrespiratorio durante un traslado m\u00e9dico en Valpara\u00edso. Inicialmente ingresada al Hospital Claudio Vicu\u00f1a de San Antonio por complicaciones que podr\u00edan ser resultado de una reacci\u00f3n al\u00e9rgica, sus condiciones empeoraron durante el traslado. La ex primera dama experiment\u00f3 [&hellip;]<\/p>\n","protected":false},"author":2,"featured_media":23386,"comment_status":"closed","ping_status":"open","sticky":false,"template":"","format":"standard","meta":{"_jetpack_memberships_contains_paid_content":false,"jnews-multi-image_gallery":[],"jnews_single_post":[],"jnews_primary_category":[],"jnews_social_meta":[],"jnews_paywall_metabox":[],"jnews_review":[],"enable_review":"","type":"","name":"","summary":"","brand":"","sku":"","good":[],"bad":[],"score_override":"","override_value":"","rating":[],"price":[],"jnews_override_counter":[],"jnews_post_split":[],"footnotes":""},"categories":[21],"tags":[],"class_list":["post-23387","post","type-post","status-publish","format-standard","has-post-thumbnail","hentry","category-nacional"],"jetpack_featured_media_url":"https:\/\/laserenaradio.cl\/web\/wp-content\/uploads\/2026\/02\/mediapiaiextstaticimg_webpsaludMartaLarraecheaingresadacomplicaciones_0.webp","jetpack_sharing_enabled":true,"_links":{"self":[{"href":"https:\/\/laserenaradio.cl\/web\/wp-json\/wp\/v2\/posts\/23387","targetHints":{"allow":["GET"]}}],"collection":[{"href":"https:\/\/laserenaradio.cl\/web\/wp-json\/wp\/v2\/posts"}],"about":[{"href":"https:\/\/laserenaradio.cl\/web\/wp-json\/wp\/v2\/types\/post"}],"author":[{"embeddable":true,"href":"https:\/\/laserenaradio.cl\/web\/wp-json\/wp\/v2\/users\/2"}],"replies":[{"embeddable":true,"href":"https:\/\/laserenaradio.cl\/web\/wp-json\/wp\/v2\/comments?post=23387"}],"version-history":[{"count":1,"href":"https:\/\/laserenaradio.cl\/web\/wp-json\/wp\/v2\/posts\/23387\/revisions"}],"predecessor-version":[{"id":23388,"href":"https:\/\/laserenaradio.cl\/web\/wp-json\/wp\/v2\/posts\/23387\/revisions\/23388"}],"wp:featuredmedia":[{"embeddable":true,"href":"https:\/\/laserenaradio.cl\/web\/wp-json\/wp\/v2\/media\/23386"}],"wp:attachment":[{"href":"https:\/\/laserenaradio.cl\/web\/wp-json\/wp\/v2\/media?parent=23387"}],"wp:term":[{"taxonomy":"category","embeddable":true,"href":"https:\/\/laserenaradio.cl\/web\/wp-json\/wp\/v2\/categories?post=23387"},{"taxonomy":"post_tag","embeddable":true,"href":"https:\/\/laserenaradio.cl\/web\/wp-json\/wp\/v2\/tags?post=23387"}],"curies":[{"name":"wp","href":"https:\/\/api.w.org\/{rel}","templated":true}]}}