{"id":23370,"date":"2026-02-04T13:29:01","date_gmt":"2026-02-04T16:29:01","guid":{"rendered":"https:\/\/laserenaradio.cl\/web\/?p=23370"},"modified":"2026-02-04T13:29:01","modified_gmt":"2026-02-04T16:29:01","slug":"la-pobreza-entre-los-migrantes-sigue-siendo-alta-en-chile","status":"publish","type":"post","link":"https:\/\/laserenaradio.cl\/web\/2026\/02\/04\/la-pobreza-entre-los-migrantes-sigue-siendo-alta-en-chile\/","title":{"rendered":"La pobreza entre los migrantes sigue siendo alta en Chile"},"content":{"rendered":"<p>La pobreza por ingresos de migrantes sigue siendo mayor que el promedio nacional, seg\u00fan la Encuesta de Caracterizaci\u00f3n Socioecon\u00f3mica (Casen). En este a\u00f1o, el \u00edndice alcanz\u00f3 un 23,4% frente al 16,7%. Adem\u00e1s, observa variaciones en la entrega de ayudas estatales.<\/p>\n<p>Entre 2015 y 2024, los hogares con poblaci\u00f3n extranjera se centraron principalmente en ingresos laborales, mientras que los hogares sin migrantes incorporaron subsidios monetarios. En 2024, el 92% del ingreso de los hogares migrantes provino del trabajo, en contraste con un 56% para aquellos sin extranjeros.<\/p>\n<p>En cuanto a las ayudas estatales, los hogares migrantes recibieron subsidios monetarios promedio de $5.449 por hogar, frente a $92.175 en hogares sin extranjeros, una diferencia de 17 veces. Esto refleja que la poblaci\u00f3n extranjera depende menos del Estado para formar sus ingresos, sosteniendo su bienestar principalmente en el mercado laboral.<\/p>\n<p>Los datos indican que entre los migrantes, las tasas m\u00e1s altas de pobreza por ingresos se encontraron en provenientes de Bolivia (40%) y Colombia (29%), mientras que peruanos y venezolanos mantuvieron un promedio del 23%, y haitianos con un leve 22%.<\/p>\n<p>Adem\u00e1s, la participaci\u00f3n del ingreso del trabajo en hogares con poblaci\u00f3n extranjera es significativamente mayor en todas las regiones. En el centro de Chile, por ejemplo, el 94% del ingreso proviene del trabajo, mientras que los subsidios promedio son $4.379.<\/p>\n<p>El an\u00e1lisis tambi\u00e9n destaca la necesidad de pol\u00edticas para incrementar la formalidad laboral y la conexi\u00f3n con redes institucionales entre los migrantes chilenos, a pesar de que su tasa de empleabilidad es mayor. La pobreza multidimensional ha disminuido en la poblaci\u00f3n migrante, pasando del 32,1% en 2022 al 27,6% en 2024.<\/p>\n<p>Estas cifras muestran una persistente brecha entre los nacidos en Chile y los extranjeros, incluso a nivel regional. En el norte y centro de Chile, la pobreza multidimensional entre migrantes es considerablemente mayor, superando ampliamente lo observado en la poblaci\u00f3n no migrante.<\/p>\n","protected":false},"excerpt":{"rendered":"<p>La pobreza por ingresos de migrantes sigue siendo mayor que el promedio nacional, seg\u00fan la Encuesta de Caracterizaci\u00f3n Socioecon\u00f3mica (Casen). En este a\u00f1o, el \u00edndice alcanz\u00f3 un 23,4% frente al 16,7%. Adem\u00e1s, observa variaciones en la entrega de ayudas estatales. Entre 2015 y 2024, los hogares con poblaci\u00f3n extranjera se centraron principalmente en ingresos laborales, [&hellip;]<\/p>\n","protected":false},"author":2,"featured_media":23369,"comment_status":"closed","ping_status":"open","sticky":false,"template":"","format":"standard","meta":{"_jetpack_memberships_contains_paid_content":false,"jnews-multi-image_gallery":[],"jnews_single_post":[],"jnews_primary_category":[],"jnews_social_meta":[],"jnews_paywall_metabox":[],"jnews_review":[],"enable_review":"","type":"","name":"","summary":"","brand":"","sku":"","good":[],"bad":[],"score_override":"","override_value":"","rating":[],"price":[],"jnews_override_counter":[],"jnews_post_split":[],"footnotes":""},"categories":[21],"tags":[],"class_list":["post-23370","post","type-post","status-publish","format-standard","has-post-thumbnail","hentry","category-nacional"],"jetpack_featured_media_url":"https:\/\/laserenaradio.cl\/web\/wp-content\/uploads\/2026\/02\/mediapiaiextstaticimg_webpChilemigrantes_0.webp","jetpack_sharing_enabled":true,"_links":{"self":[{"href":"https:\/\/laserenaradio.cl\/web\/wp-json\/wp\/v2\/posts\/23370","targetHints":{"allow":["GET"]}}],"collection":[{"href":"https:\/\/laserenaradio.cl\/web\/wp-json\/wp\/v2\/posts"}],"about":[{"href":"https:\/\/laserenaradio.cl\/web\/wp-json\/wp\/v2\/types\/post"}],"author":[{"embeddable":true,"href":"https:\/\/laserenaradio.cl\/web\/wp-json\/wp\/v2\/users\/2"}],"replies":[{"embeddable":true,"href":"https:\/\/laserenaradio.cl\/web\/wp-json\/wp\/v2\/comments?post=23370"}],"version-history":[{"count":1,"href":"https:\/\/laserenaradio.cl\/web\/wp-json\/wp\/v2\/posts\/23370\/revisions"}],"predecessor-version":[{"id":23371,"href":"https:\/\/laserenaradio.cl\/web\/wp-json\/wp\/v2\/posts\/23370\/revisions\/23371"}],"wp:featuredmedia":[{"embeddable":true,"href":"https:\/\/laserenaradio.cl\/web\/wp-json\/wp\/v2\/media\/23369"}],"wp:attachment":[{"href":"https:\/\/laserenaradio.cl\/web\/wp-json\/wp\/v2\/media?parent=23370"}],"wp:term":[{"taxonomy":"category","embeddable":true,"href":"https:\/\/laserenaradio.cl\/web\/wp-json\/wp\/v2\/categories?post=23370"},{"taxonomy":"post_tag","embeddable":true,"href":"https:\/\/laserenaradio.cl\/web\/wp-json\/wp\/v2\/tags?post=23370"}],"curies":[{"name":"wp","href":"https:\/\/api.w.org\/{rel}","templated":true}]}}