{"id":23361,"date":"2026-02-04T08:30:59","date_gmt":"2026-02-04T11:30:59","guid":{"rendered":"https:\/\/laserenaradio.cl\/web\/?p=23361"},"modified":"2026-02-04T08:30:59","modified_gmt":"2026-02-04T11:30:59","slug":"comerciantes-ambulantes-de-meiggs-provocan-incidentes-en-santiago","status":"publish","type":"post","link":"https:\/\/laserenaradio.cl\/web\/2026\/02\/04\/comerciantes-ambulantes-de-meiggs-provocan-incidentes-en-santiago\/","title":{"rendered":"Comerciantes ambulantes de Meiggs provocan incidentes en Santiago."},"content":{"rendered":"<p>Comerciantes ambulantes del barrio Meiggs provocaron incidentes durante la madrugada de este mi\u00e9rcoles, al ver frustrado su intento para reinstalar sus toldos azules en el sector. Todo nace luego que ayer, la <a href=\"https:\/\/www.munistgo.cl\/\">Municipalidad de Santiago<\/a> iniciara los trabajos para cercar un nuevo per\u00edmetro del barrio, para as\u00ed impedir la presencia de vendedores ilegales que no cuenten con permiso. Esto entre las calles Grajales, Exposici\u00f3n, Sazi\u00e9 y Bascu\u00f1\u00e1n Guerrero.<\/p>\n<p>Sin embargo, los comerciantes que fueron desalojados de dicho sector dejaron en evidencia la organizaci\u00f3n que tienen. Radio B\u00edo B\u00edo pudo constatar que ayer mismo se movieron a calles aleda\u00f1as y marcaron las veredas de calles como Conferencia y Toesca, para trasladar all\u00ed sus toldos.<\/p>\n<p>Esto se vio frustrado por el actuar policial, que durante la madrugada de este mi\u00e9rcoles desaloj\u00f3 nuevamente a los ambulantes, por lo que estos \u00faltimos protestaron con barricadas en la avenida Blanco Encalada. Pese a esto, los vendedores insisten en permanecer all\u00ed. Varios de ellos se mantienen sobre los techos de sus veh\u00edculos esperando que <a href=\"https:\/\/www.carabineros.cl\/\">Carabineros<\/a> deje el sector para volver a instalarse.<\/p>\n<p>En las pr\u00f3ximas horas, la <a href=\"https:\/\/www.munistgo.cl\/\">Municipalidad de Santiago<\/a> y la Delegaci\u00f3n Presidencial de la RM entregar\u00e1n un balance de las labores realizadas durante las \u00faltimas horas en Meiggs.<\/p>\n","protected":false},"excerpt":{"rendered":"<p>Comerciantes ambulantes del barrio Meiggs provocaron incidentes durante la madrugada de este mi\u00e9rcoles, al ver frustrado su intento para reinstalar sus toldos azules en el sector. Todo nace luego que ayer, la Municipalidad de Santiago iniciara los trabajos para cercar un nuevo per\u00edmetro del barrio, para as\u00ed impedir la presencia de vendedores ilegales que no [&hellip;]<\/p>\n","protected":false},"author":2,"featured_media":23360,"comment_status":"closed","ping_status":"open","sticky":false,"template":"","format":"standard","meta":{"_jetpack_memberships_contains_paid_content":false,"jnews-multi-image_gallery":[],"jnews_single_post":[],"jnews_primary_category":[],"jnews_social_meta":[],"jnews_paywall_metabox":[],"jnews_review":[],"enable_review":"","type":"","name":"","summary":"","brand":"","sku":"","good":[],"bad":[],"score_override":"","override_value":"","rating":[],"price":[],"jnews_override_counter":[],"jnews_post_split":[],"footnotes":""},"categories":[21],"tags":[],"class_list":["post-23361","post","type-post","status-publish","format-standard","has-post-thumbnail","hentry","category-nacional"],"jetpack_featured_media_url":"https:\/\/laserenaradio.cl\/web\/wp-content\/uploads\/2026\/02\/mediapiaiextstaticimg_webpbarriocomerciantesMeiggsplan_1.webp","jetpack_sharing_enabled":true,"_links":{"self":[{"href":"https:\/\/laserenaradio.cl\/web\/wp-json\/wp\/v2\/posts\/23361","targetHints":{"allow":["GET"]}}],"collection":[{"href":"https:\/\/laserenaradio.cl\/web\/wp-json\/wp\/v2\/posts"}],"about":[{"href":"https:\/\/laserenaradio.cl\/web\/wp-json\/wp\/v2\/types\/post"}],"author":[{"embeddable":true,"href":"https:\/\/laserenaradio.cl\/web\/wp-json\/wp\/v2\/users\/2"}],"replies":[{"embeddable":true,"href":"https:\/\/laserenaradio.cl\/web\/wp-json\/wp\/v2\/comments?post=23361"}],"version-history":[{"count":1,"href":"https:\/\/laserenaradio.cl\/web\/wp-json\/wp\/v2\/posts\/23361\/revisions"}],"predecessor-version":[{"id":23362,"href":"https:\/\/laserenaradio.cl\/web\/wp-json\/wp\/v2\/posts\/23361\/revisions\/23362"}],"wp:featuredmedia":[{"embeddable":true,"href":"https:\/\/laserenaradio.cl\/web\/wp-json\/wp\/v2\/media\/23360"}],"wp:attachment":[{"href":"https:\/\/laserenaradio.cl\/web\/wp-json\/wp\/v2\/media?parent=23361"}],"wp:term":[{"taxonomy":"category","embeddable":true,"href":"https:\/\/laserenaradio.cl\/web\/wp-json\/wp\/v2\/categories?post=23361"},{"taxonomy":"post_tag","embeddable":true,"href":"https:\/\/laserenaradio.cl\/web\/wp-json\/wp\/v2\/tags?post=23361"}],"curies":[{"name":"wp","href":"https:\/\/api.w.org\/{rel}","templated":true}]}}