{"id":23330,"date":"2026-02-03T16:01:07","date_gmt":"2026-02-03T19:01:07","guid":{"rendered":"https:\/\/laserenaradio.cl\/web\/?p=23330"},"modified":"2026-02-03T16:01:07","modified_gmt":"2026-02-03T19:01:07","slug":"operacion-aguas-escondidas-incautaron-1-200-kilos-de-droga-y-detuvieron-a-sujetos-chilenes-y-bolivianos","status":"publish","type":"post","link":"https:\/\/laserenaradio.cl\/web\/2026\/02\/03\/operacion-aguas-escondidas-incautaron-1-200-kilos-de-droga-y-detuvieron-a-sujetos-chilenes-y-bolivianos\/","title":{"rendered":"Operaci\u00f3n Aguas Escondidas: Incautaron 1.200 kilos de droga y detuvieron a sujetos chilenes y bolivianos"},"content":{"rendered":"<p>La <a href=\"https:\/\/www.fiscaliadechile.cl\/\">Fiscal\u00eda<\/a> Regional Metropolitana Oriente y la Brigada Antinarc\u00f3ticos Sur desbarataron una banda criminal internacional en operaci\u00f3n Operaci\u00f3n Aguas Escondidas. Se incautaron m\u00e1s de mil kilos de Cannabis Sativa, veh\u00edculos, tel\u00e9fonos celulares y armas. Los proveedores eran bolivianos, con droga ingresando desde Antofagasta hacia El Bosque.<\/p>\n<p>Erick Menay, Jefe Nacional contra el Crimen Organizado, resalt\u00f3 que la operaci\u00f3n permitir\u00eda evitar la comercializaci\u00f3n de m\u00e1s de un mill\u00f3n de dosis y estimados seis mil millones de pesos en estupefacientes. &#8220;Estamos apoyando una persecuci\u00f3n penal eficiente, especialmente en el sur de la capital&#8221;, indic\u00f3.<\/p>\n<p>Fernando Anais, fiscal Oriente, destac\u00f3 que el operativo utiliz\u00f3 t\u00e9cnicas investigativas avanzadas para fiscalizar una tonelada y 200 kilos de droga. &#8220;El trabajo refleja el esfuerzo conjunto de desbaratar bandas criminales&#8221;, afirm\u00f3.<\/p>\n<p>Rafael Collado, subrogante ministro de Seguridad P\u00fablica, destac\u00f3 que en 2025 se incautaron 134 toneladas de sustancias il\u00edcitas, un aumento del 135% respecto al a\u00f1o anterior. &#8220;Hemos trabajado con ambas polic\u00edas para combatir el crimen organizado y garantizar la seguridad&#8221;, enfatiz\u00f3.<\/p>\n<p>Gran parte de las incautaciones fueron marihuana. &#8220;La marihuana sigue siendo la mayor cantidad incautada, aunque tambi\u00e9n perseguimos drogas sint\u00e9ticas&#8221;, a\u00f1adi\u00f3 Collado.<\/p>\n","protected":false},"excerpt":{"rendered":"<p>La Fiscal\u00eda Regional Metropolitana Oriente y la Brigada Antinarc\u00f3ticos Sur desbarataron una banda criminal internacional en operaci\u00f3n Operaci\u00f3n Aguas Escondidas. Se incautaron m\u00e1s de mil kilos de Cannabis Sativa, veh\u00edculos, tel\u00e9fonos celulares y armas. Los proveedores eran bolivianos, con droga ingresando desde Antofagasta hacia El Bosque. Erick Menay, Jefe Nacional contra el Crimen Organizado, resalt\u00f3 [&hellip;]<\/p>\n","protected":false},"author":2,"featured_media":23329,"comment_status":"closed","ping_status":"open","sticky":false,"template":"","format":"standard","meta":{"_jetpack_memberships_contains_paid_content":false,"jnews-multi-image_gallery":[],"jnews_single_post":[],"jnews_primary_category":[],"jnews_social_meta":[],"jnews_paywall_metabox":[],"jnews_review":[],"enable_review":"","type":"","name":"","summary":"","brand":"","sku":"","good":[],"bad":[],"score_override":"","override_value":"","rating":[],"price":[],"jnews_override_counter":[],"jnews_post_split":[],"footnotes":""},"categories":[21],"tags":[],"class_list":["post-23330","post","type-post","status-publish","format-standard","has-post-thumbnail","hentry","category-nacional"],"jetpack_featured_media_url":"https:\/\/laserenaradio.cl\/web\/wp-content\/uploads\/2026\/02\/mediapiaiextstaticimg_webpkilosdrogaAguasEscondidasincautaron_0.webp","jetpack_sharing_enabled":true,"_links":{"self":[{"href":"https:\/\/laserenaradio.cl\/web\/wp-json\/wp\/v2\/posts\/23330","targetHints":{"allow":["GET"]}}],"collection":[{"href":"https:\/\/laserenaradio.cl\/web\/wp-json\/wp\/v2\/posts"}],"about":[{"href":"https:\/\/laserenaradio.cl\/web\/wp-json\/wp\/v2\/types\/post"}],"author":[{"embeddable":true,"href":"https:\/\/laserenaradio.cl\/web\/wp-json\/wp\/v2\/users\/2"}],"replies":[{"embeddable":true,"href":"https:\/\/laserenaradio.cl\/web\/wp-json\/wp\/v2\/comments?post=23330"}],"version-history":[{"count":1,"href":"https:\/\/laserenaradio.cl\/web\/wp-json\/wp\/v2\/posts\/23330\/revisions"}],"predecessor-version":[{"id":23331,"href":"https:\/\/laserenaradio.cl\/web\/wp-json\/wp\/v2\/posts\/23330\/revisions\/23331"}],"wp:featuredmedia":[{"embeddable":true,"href":"https:\/\/laserenaradio.cl\/web\/wp-json\/wp\/v2\/media\/23329"}],"wp:attachment":[{"href":"https:\/\/laserenaradio.cl\/web\/wp-json\/wp\/v2\/media?parent=23330"}],"wp:term":[{"taxonomy":"category","embeddable":true,"href":"https:\/\/laserenaradio.cl\/web\/wp-json\/wp\/v2\/categories?post=23330"},{"taxonomy":"post_tag","embeddable":true,"href":"https:\/\/laserenaradio.cl\/web\/wp-json\/wp\/v2\/tags?post=23330"}],"curies":[{"name":"wp","href":"https:\/\/api.w.org\/{rel}","templated":true}]}}