{"id":23327,"date":"2026-02-03T15:54:54","date_gmt":"2026-02-03T18:54:54","guid":{"rendered":"https:\/\/laserenaradio.cl\/web\/?p=23327"},"modified":"2026-02-03T15:54:54","modified_gmt":"2026-02-03T18:54:54","slug":"fallece-surfista-serenense-lucas-encina-en-tragico-accidente-de-motocicleta","status":"publish","type":"post","link":"https:\/\/laserenaradio.cl\/web\/2026\/02\/03\/fallece-surfista-serenense-lucas-encina-en-tragico-accidente-de-motocicleta\/","title":{"rendered":"Fallece surfista serenense Lucas Encina en tr\u00e1gico accidente de motocicleta"},"content":{"rendered":"<p>Lucas Encina, un destacado surfista serenense y ex seleccionado nacional, muri\u00f3 en un tr\u00e1gico accidente de motocicleta en el sector de Alfalfares Oriente. <\/p>\n<p>El joven, de 24 a\u00f1os, particip\u00f3 del Mundial Juvenil ISA de Azores 2016 con la selecci\u00f3n chilena, dejando una huella indeleble en el deporte nacional.<\/p>\n<p>La Federaci\u00f3n Chilena de Surf lament\u00f3 su p\u00e9rdida a trav\u00e9s de un emotivo mensaje: \u201cEn memoria de un grande. Seleccionado nacional, serenense de coraz\u00f3n y leyenda de nuestras costas. Gracias, Lucas Encina, por tantos a\u00f1os de entrega y por representar nuestros colores con tanta garra. El surf chileno hoy est\u00e1 de luto. \u00a1Hasta siempre!\u201d.<\/p>\n<p>Latinwave tambi\u00e9n record\u00f3 a Encina como un deportista y ser humano profundamente querido: \u201cLucas nos represent\u00f3 con el Team Chile Junior en el Mundial ISA Junior en Azores, Portugal. Fue protagonista del circuito chileno por varios a\u00f1os y fiel representante del surf de La Serena-Coquimbo. Una tremenda persona, siempre afable, cari\u00f1oso, respetuoso y muy educado. Siempre te recordaremos, Lucas\u2026 Buenas olas\u201d.<\/p>\n<p>La noticia gener\u00f3 conmoci\u00f3n en la comunidad deportiva, recordando a Encina no solo por su trayectoria internacional sino tambi\u00e9n por su calidad humana.<\/p>\n<p>Un tr\u00e1gico accidente de tr\u00e1nsito se registr\u00f3 durante la noche del lunes en el sector Alfalfares Oriente. Seg\u00fan inform\u00f3 <a href=\"https:\/\/www.carabineros.cl\/\">Carabineros<\/a>, el motociclista perdi\u00f3 el control de la motocicleta y su cuerpo cay\u00f3 en la ladera norte de la calzada.<\/p>\n<p>Personal del Servicio de Atenci\u00f3n M\u00e9dica de Urgencia (SAMU) constat\u00f3 el fallecimiento del conductor en el lugar. La v\u00edctima fue identificada como un ciudadano chileno de 24 a\u00f1os, sin documentaci\u00f3n en el veh\u00edculo al momento del accidente.<\/p>\n","protected":false},"excerpt":{"rendered":"<p>Lucas Encina, un destacado surfista serenense y ex seleccionado nacional, muri\u00f3 en un tr\u00e1gico accidente de motocicleta en el sector de Alfalfares Oriente. El joven, de 24 a\u00f1os, particip\u00f3 del Mundial Juvenil ISA de Azores 2016 con la selecci\u00f3n chilena, dejando una huella indeleble en el deporte nacional. La Federaci\u00f3n Chilena de Surf lament\u00f3 su [&hellip;]<\/p>\n","protected":false},"author":2,"featured_media":9078,"comment_status":"closed","ping_status":"open","sticky":false,"template":"","format":"standard","meta":{"_jetpack_memberships_contains_paid_content":false,"jnews-multi-image_gallery":[],"jnews_single_post":[],"jnews_primary_category":[],"jnews_social_meta":[],"jnews_paywall_metabox":[],"jnews_review":[],"enable_review":"","type":"","name":"","summary":"","brand":"","sku":"","good":[],"bad":[],"score_override":"","override_value":"","rating":[],"price":[],"jnews_override_counter":[],"jnews_post_split":[],"footnotes":""},"categories":[21],"tags":[],"class_list":["post-23327","post","type-post","status-publish","format-standard","has-post-thumbnail","hentry","category-nacional"],"jetpack_featured_media_url":"https:\/\/laserenaradio.cl\/web\/wp-content\/uploads\/2024\/12\/laserenaradio_ultimo_minuto.webp","jetpack_sharing_enabled":true,"_links":{"self":[{"href":"https:\/\/laserenaradio.cl\/web\/wp-json\/wp\/v2\/posts\/23327","targetHints":{"allow":["GET"]}}],"collection":[{"href":"https:\/\/laserenaradio.cl\/web\/wp-json\/wp\/v2\/posts"}],"about":[{"href":"https:\/\/laserenaradio.cl\/web\/wp-json\/wp\/v2\/types\/post"}],"author":[{"embeddable":true,"href":"https:\/\/laserenaradio.cl\/web\/wp-json\/wp\/v2\/users\/2"}],"replies":[{"embeddable":true,"href":"https:\/\/laserenaradio.cl\/web\/wp-json\/wp\/v2\/comments?post=23327"}],"version-history":[{"count":1,"href":"https:\/\/laserenaradio.cl\/web\/wp-json\/wp\/v2\/posts\/23327\/revisions"}],"predecessor-version":[{"id":23328,"href":"https:\/\/laserenaradio.cl\/web\/wp-json\/wp\/v2\/posts\/23327\/revisions\/23328"}],"wp:featuredmedia":[{"embeddable":true,"href":"https:\/\/laserenaradio.cl\/web\/wp-json\/wp\/v2\/media\/9078"}],"wp:attachment":[{"href":"https:\/\/laserenaradio.cl\/web\/wp-json\/wp\/v2\/media?parent=23327"}],"wp:term":[{"taxonomy":"category","embeddable":true,"href":"https:\/\/laserenaradio.cl\/web\/wp-json\/wp\/v2\/categories?post=23327"},{"taxonomy":"post_tag","embeddable":true,"href":"https:\/\/laserenaradio.cl\/web\/wp-json\/wp\/v2\/tags?post=23327"}],"curies":[{"name":"wp","href":"https:\/\/api.w.org\/{rel}","templated":true}]}}