{"id":23276,"date":"2026-02-01T17:20:13","date_gmt":"2026-02-01T20:20:13","guid":{"rendered":"https:\/\/laserenaradio.cl\/web\/?p=23276"},"modified":"2026-02-01T17:20:13","modified_gmt":"2026-02-01T20:20:13","slug":"precipitaciones-afectan-a-la-region-metropolitana-y-podrian-repetirse-este-domingo","status":"publish","type":"post","link":"https:\/\/laserenaradio.cl\/web\/2026\/02\/01\/precipitaciones-afectan-a-la-region-metropolitana-y-podrian-repetirse-este-domingo\/","title":{"rendered":"Precipitaciones afectan a la regi\u00f3n Metropolitana y podr\u00edan repetirse este domingo"},"content":{"rendered":"<p>En horas de esta tarde, <a href=\"http:\/\/www.senapred.cl\">Senapred<\/a> junto con el Gobierno y la <a href=\"http:\/\/www.meteochile.gob.cl\/\">Direcci\u00f3n Meteorol\u00f3gica de Chile<\/a> (DMC) realiz\u00f3 un balance del evento clim\u00e1tico que afect\u00f3 a la regi\u00f3n Metropolitana durante este s\u00e1bado. No se han registrado lesionados debido a las precipitaciones. M\u00e1s de 300 viviendas sufrieron alg\u00fan tipo de da\u00f1o, y se prev\u00e9 que para la tarde de este domingo podr\u00edan repetirse episodios similares en algunas \u00e1reas de la regi\u00f3n.<\/p>\n<p>En un punto de prensa, Alicia Cebri\u00e1n, directora nacional de <a href=\"http:\/\/www.senapred.cl\">Senapred<\/a>, inform\u00f3 que no hay personas aisladas y que los da\u00f1os est\u00e1n siendo evaluados. De manera preliminar, se reportan 341 viviendas con alg\u00fan tipo de da\u00f1o: 33 en Padre Hurtado, 300 en Maip\u00fa y 8 en Las Condes.<\/p>\n<p>En la comuna de Padre Hurtado, el desborde de un canal caus\u00f3 el anegamiento de calles; 33 viviendas fueron afectadas. En Lo Barnechea, se registr\u00f3 una remoci\u00f3n en masa en el km. 6 del camino a Farellones, pero la ruta est\u00e1 despejada para residentes solo.<\/p>\n<p>En el sector de Quebrada Huallalolen, personal municipal mantiene la limpieza y acceso controlado; en Maip\u00fa se anegaron calles como La Farfana, El Abrazo y camino a Melipilla. Elementos de primera ayuda han sido despachados seg\u00fan petici\u00f3n del municipio.<\/p>\n<p>En Las Condes, producto de la activaci\u00f3n de la Quebrada Honda, 8 viviendas sufrieron da\u00f1os; diversas calles presentan barro. En San Jos\u00e9 de Maipo se activ\u00f3 una quebrada en el km. 6 del camino a Los Maitenes, sin afectaciones humanas y acceso permitido para veh\u00edculos 4\u00d74.<\/p>\n<p>Andr\u00e9s Moncada, de la DMC, predijo precipitaciones sectorizadas en la regi\u00f3n Metropolitana durante esta tarde, con acumulados hasta 15 mm. en el sector cordillerano y precordillerano. Valles y zona de la costa no superar\u00edan los 5 mm. Las condiciones clim\u00e1ticas cambiar\u00e1n ma\u00f1ana, con aumento en temperaturas m\u00e1ximas.<\/p>\n<p>Las autoridades exhortan a mantenerse informado por los canales oficiales.<\/p>\n","protected":false},"excerpt":{"rendered":"<p>En horas de esta tarde, Senapred junto con el Gobierno y la Direcci\u00f3n Meteorol\u00f3gica de Chile (DMC) realiz\u00f3 un balance del evento clim\u00e1tico que afect\u00f3 a la regi\u00f3n Metropolitana durante este s\u00e1bado. No se han registrado lesionados debido a las precipitaciones. M\u00e1s de 300 viviendas sufrieron alg\u00fan tipo de da\u00f1o, y se prev\u00e9 que para [&hellip;]<\/p>\n","protected":false},"author":2,"featured_media":23275,"comment_status":"closed","ping_status":"open","sticky":false,"template":"","format":"standard","meta":{"_jetpack_memberships_contains_paid_content":false,"jnews-multi-image_gallery":[],"jnews_single_post":[],"jnews_primary_category":[],"jnews_social_meta":[],"jnews_paywall_metabox":[],"jnews_review":[],"enable_review":"","type":"","name":"","summary":"","brand":"","sku":"","good":[],"bad":[],"score_override":"","override_value":"","rating":[],"price":[],"jnews_override_counter":[],"jnews_post_split":[],"footnotes":""},"categories":[21],"tags":[],"class_list":["post-23276","post","type-post","status-publish","format-standard","has-post-thumbnail","hentry","category-nacional"],"jetpack_featured_media_url":"https:\/\/laserenaradio.cl\/web\/wp-content\/uploads\/2026\/02\/mediapiaiextstaticimg_webpviviendastardeMetropolitanacalles_0.webp","jetpack_sharing_enabled":true,"_links":{"self":[{"href":"https:\/\/laserenaradio.cl\/web\/wp-json\/wp\/v2\/posts\/23276","targetHints":{"allow":["GET"]}}],"collection":[{"href":"https:\/\/laserenaradio.cl\/web\/wp-json\/wp\/v2\/posts"}],"about":[{"href":"https:\/\/laserenaradio.cl\/web\/wp-json\/wp\/v2\/types\/post"}],"author":[{"embeddable":true,"href":"https:\/\/laserenaradio.cl\/web\/wp-json\/wp\/v2\/users\/2"}],"replies":[{"embeddable":true,"href":"https:\/\/laserenaradio.cl\/web\/wp-json\/wp\/v2\/comments?post=23276"}],"version-history":[{"count":1,"href":"https:\/\/laserenaradio.cl\/web\/wp-json\/wp\/v2\/posts\/23276\/revisions"}],"predecessor-version":[{"id":23277,"href":"https:\/\/laserenaradio.cl\/web\/wp-json\/wp\/v2\/posts\/23276\/revisions\/23277"}],"wp:featuredmedia":[{"embeddable":true,"href":"https:\/\/laserenaradio.cl\/web\/wp-json\/wp\/v2\/media\/23275"}],"wp:attachment":[{"href":"https:\/\/laserenaradio.cl\/web\/wp-json\/wp\/v2\/media?parent=23276"}],"wp:term":[{"taxonomy":"category","embeddable":true,"href":"https:\/\/laserenaradio.cl\/web\/wp-json\/wp\/v2\/categories?post=23276"},{"taxonomy":"post_tag","embeddable":true,"href":"https:\/\/laserenaradio.cl\/web\/wp-json\/wp\/v2\/tags?post=23276"}],"curies":[{"name":"wp","href":"https:\/\/api.w.org\/{rel}","templated":true}]}}