{"id":23255,"date":"2026-02-01T12:33:35","date_gmt":"2026-02-01T15:33:35","guid":{"rendered":"https:\/\/laserenaradio.cl\/web\/?p=23255"},"modified":"2026-02-01T12:33:35","modified_gmt":"2026-02-01T15:33:35","slug":"accidente-de-transito-deja-heridos-a-3-carabineros-en-la-ruta-68","status":"publish","type":"post","link":"https:\/\/laserenaradio.cl\/web\/2026\/02\/01\/accidente-de-transito-deja-heridos-a-3-carabineros-en-la-ruta-68\/","title":{"rendered":"Accidente de tr\u00e1nsito deja heridos a 3 carabineros en la Ruta 68"},"content":{"rendered":"<p>Tres carabineros resultaron con lesiones de diversa consideraci\u00f3n tras un accidente de tr\u00e1nsito en la Ruta 68. El hecho ocurri\u00f3 a la altura del kil\u00f3metro 9, en direcci\u00f3n a Santiago.<\/p>\n<p>Seg\u00fan el teniente Alejandro Lizama de la Prefectura SIAT de <a href=\"https:\/\/www.carabineros.cl\/\">Carabineros<\/a>, personal policial hab\u00eda iniciado una persecuci\u00f3n tras un atropello cuyo responsable se dio a la fuga. <\/p>\n<p>Tras detener al sujeto responsable del primer incidente, los funcionarios se preparaban para trasladarlo cuando el veh\u00edculo fue impactado por otro veh\u00edculo desde atr\u00e1s.<\/p>\n<p>Este segundo accidente involucr\u00f3 a tres carabineros que se encontraban en el interior de la patrulla, resultando heridos con lesiones de distinta gravedad pero fuera de riesgo vital. <\/p>\n<p>Los funcionarios fueron trasladados al Hospital de <a href=\"https:\/\/www.carabineros.cl\/\">Carabineros<\/a>, donde se confirm\u00f3 su estado.<\/p>\n<p>Dos personas fueron detenidas como resultado del incidente: el autor del primer atropello y el conductor que impact\u00f3 la patrulla, quien presuntamente estaba en un estado de intemperancia alcoh\u00f3lica.<\/p>\n","protected":false},"excerpt":{"rendered":"<p>Tres carabineros resultaron con lesiones de diversa consideraci\u00f3n tras un accidente de tr\u00e1nsito en la Ruta 68. El hecho ocurri\u00f3 a la altura del kil\u00f3metro 9, en direcci\u00f3n a Santiago. Seg\u00fan el teniente Alejandro Lizama de la Prefectura SIAT de Carabineros, personal policial hab\u00eda iniciado una persecuci\u00f3n tras un atropello cuyo responsable se dio a [&hellip;]<\/p>\n","protected":false},"author":2,"featured_media":23254,"comment_status":"closed","ping_status":"open","sticky":false,"template":"","format":"standard","meta":{"_jetpack_memberships_contains_paid_content":false,"jnews-multi-image_gallery":[],"jnews_single_post":[],"jnews_primary_category":[],"jnews_social_meta":[],"jnews_paywall_metabox":[],"jnews_review":[],"enable_review":"","type":"","name":"","summary":"","brand":"","sku":"","good":[],"bad":[],"score_override":"","override_value":"","rating":[],"price":[],"jnews_override_counter":[],"jnews_post_split":[],"footnotes":""},"categories":[21],"tags":[],"class_list":["post-23255","post","type-post","status-publish","format-standard","has-post-thumbnail","hentry","category-nacional"],"jetpack_featured_media_url":"https:\/\/laserenaradio.cl\/web\/wp-content\/uploads\/2026\/02\/mediapiaiextstaticimg_webpAccidentecarabineros_0.webp","jetpack_sharing_enabled":true,"_links":{"self":[{"href":"https:\/\/laserenaradio.cl\/web\/wp-json\/wp\/v2\/posts\/23255","targetHints":{"allow":["GET"]}}],"collection":[{"href":"https:\/\/laserenaradio.cl\/web\/wp-json\/wp\/v2\/posts"}],"about":[{"href":"https:\/\/laserenaradio.cl\/web\/wp-json\/wp\/v2\/types\/post"}],"author":[{"embeddable":true,"href":"https:\/\/laserenaradio.cl\/web\/wp-json\/wp\/v2\/users\/2"}],"replies":[{"embeddable":true,"href":"https:\/\/laserenaradio.cl\/web\/wp-json\/wp\/v2\/comments?post=23255"}],"version-history":[{"count":1,"href":"https:\/\/laserenaradio.cl\/web\/wp-json\/wp\/v2\/posts\/23255\/revisions"}],"predecessor-version":[{"id":23256,"href":"https:\/\/laserenaradio.cl\/web\/wp-json\/wp\/v2\/posts\/23255\/revisions\/23256"}],"wp:featuredmedia":[{"embeddable":true,"href":"https:\/\/laserenaradio.cl\/web\/wp-json\/wp\/v2\/media\/23254"}],"wp:attachment":[{"href":"https:\/\/laserenaradio.cl\/web\/wp-json\/wp\/v2\/media?parent=23255"}],"wp:term":[{"taxonomy":"category","embeddable":true,"href":"https:\/\/laserenaradio.cl\/web\/wp-json\/wp\/v2\/categories?post=23255"},{"taxonomy":"post_tag","embeddable":true,"href":"https:\/\/laserenaradio.cl\/web\/wp-json\/wp\/v2\/tags?post=23255"}],"curies":[{"name":"wp","href":"https:\/\/api.w.org\/{rel}","templated":true}]}}