{"id":23249,"date":"2026-02-01T12:30:36","date_gmt":"2026-02-01T15:30:36","guid":{"rendered":"https:\/\/laserenaradio.cl\/web\/?p=23249"},"modified":"2026-02-01T12:30:36","modified_gmt":"2026-02-01T15:30:36","slug":"alcalde-de-maipu-pide-ayuda-para-emergencia-y-soluciones-a-largo-plazo","status":"publish","type":"post","link":"https:\/\/laserenaradio.cl\/web\/2026\/02\/01\/alcalde-de-maipu-pide-ayuda-para-emergencia-y-soluciones-a-largo-plazo\/","title":{"rendered":"Alcalde de Maip\u00fa pide ayuda para emergencia y soluciones a largo plazo"},"content":{"rendered":"<p>El alcalde de Maip\u00fa, Tom\u00e1s Vodanovic, habl\u00f3 sobre las lluvias que azotaron a la regi\u00f3n Metropolitana durante este s\u00e1bado. Granizo y agua causaron inundaciones en Maip\u00fa, especialmente. Vodanovic recalc\u00f3 que \u201chay familias que lo perdieron todo\u201d y es necesario un paquete de medidas por parte del Estado para ayudar no solo a las familias perjudicadas, sino tambi\u00e9n buscar soluciones definitivas.<\/p>\n<p>En una conferencia de prensa, Vodanovic explic\u00f3: &#8220;Tenemos un fen\u00f3meno clim\u00e1tico que nunca hab\u00edamos vivido y que genera consecuencias que tampoco hab\u00edamos experimentado como gesti\u00f3n municipal. La experiencia de la gente ayer es haber estado compartiendo en familia, ver c\u00f3mo cae lluvia y granizo, al principio sorprenderse, re\u00edrse y en 20 minutos ver su casa completamente inundada y destruida&#8221;. Esto ha afectado barrios completos.<\/p>\n<p>Adem\u00e1s, lament\u00f3 que no fue un hecho aislado: &#8220;No son algunas viviendas que sufrieron da\u00f1o, son barrios completos, al cual les pas\u00f3 b\u00e1sicamente una ola y se inund\u00f3 todo. Y por tanto, lo que vamos a tratar de generar desde el d\u00eda de hoy es a prop\u00f3sito de las Fichas de Emergencia, poder contar con bonos o subsidios de parte del gobierno&#8221;. Lo ocurrido en Maip\u00fa es muy asimilable a un incendio que devasta una comuna.<\/p>\n<p>En ese sentido, pidi\u00f3 ayuda a nivel central para tratar esta emergencia como una cat\u00e1strofe. &#8220;Creemos que ac\u00e1 hay que darle un tratamiento de cat\u00e1strofe, de emergencia, poder generar paquetes de ayuda como Estado y poder darle tranquilidad pronto a la gente&#8221;, asegur\u00f3 Vodanovic.<\/p>\n<p>Todo vecino afectado debe ser visitado por un equipo municipal. Todos deben llenar una ficha FIBE, que es una ficha de emergencia, para constatar el da\u00f1o material del hogar. &#8220;Hay un gobierno que se ha comprometido (con la emergencia), que ya despleg\u00f3 maquinaria&#8221;, dijo Vodanovic.<\/p>\n<p>M\u00e1s all\u00e1 de la emergencia, espera soluciones a largo plazo. &#8220;Yo al menos cont\u00e9 ayer, porque visit\u00e9 presencialmente, m\u00e1s de 200 casas que lo perdieron todo&#8221;. El eje de camino a Melipilla y barrios aleda\u00f1os como el sector de El Abrazo, Los Bosquinos fueron severamente afectados. Esos son sectores donde se vieron afectadas todas las casas.<\/p>\n<p>En ese sentido, lament\u00f3: &#8220;Maip\u00fa es una comuna que sufre permanentemente con el agua&#8221;. Faltan muchas soluciones para mejorar la situaci\u00f3n.<\/p>\n","protected":false},"excerpt":{"rendered":"<p>El alcalde de Maip\u00fa, Tom\u00e1s Vodanovic, habl\u00f3 sobre las lluvias que azotaron a la regi\u00f3n Metropolitana durante este s\u00e1bado. Granizo y agua causaron inundaciones en Maip\u00fa, especialmente. Vodanovic recalc\u00f3 que \u201chay familias que lo perdieron todo\u201d y es necesario un paquete de medidas por parte del Estado para ayudar no solo a las familias perjudicadas, [&hellip;]<\/p>\n","protected":false},"author":2,"featured_media":9076,"comment_status":"closed","ping_status":"open","sticky":false,"template":"","format":"standard","meta":{"_jetpack_memberships_contains_paid_content":false,"jnews-multi-image_gallery":[],"jnews_single_post":[],"jnews_primary_category":[],"jnews_social_meta":[],"jnews_paywall_metabox":[],"jnews_review":[],"enable_review":"","type":"","name":"","summary":"","brand":"","sku":"","good":[],"bad":[],"score_override":"","override_value":"","rating":[],"price":[],"jnews_override_counter":[],"jnews_post_split":[],"footnotes":""},"categories":[21],"tags":[],"class_list":["post-23249","post","type-post","status-publish","format-standard","has-post-thumbnail","hentry","category-nacional"],"jetpack_featured_media_url":"https:\/\/laserenaradio.cl\/web\/wp-content\/uploads\/2024\/12\/laserenaradio_nacional.webp","jetpack_sharing_enabled":true,"_links":{"self":[{"href":"https:\/\/laserenaradio.cl\/web\/wp-json\/wp\/v2\/posts\/23249","targetHints":{"allow":["GET"]}}],"collection":[{"href":"https:\/\/laserenaradio.cl\/web\/wp-json\/wp\/v2\/posts"}],"about":[{"href":"https:\/\/laserenaradio.cl\/web\/wp-json\/wp\/v2\/types\/post"}],"author":[{"embeddable":true,"href":"https:\/\/laserenaradio.cl\/web\/wp-json\/wp\/v2\/users\/2"}],"replies":[{"embeddable":true,"href":"https:\/\/laserenaradio.cl\/web\/wp-json\/wp\/v2\/comments?post=23249"}],"version-history":[{"count":1,"href":"https:\/\/laserenaradio.cl\/web\/wp-json\/wp\/v2\/posts\/23249\/revisions"}],"predecessor-version":[{"id":23250,"href":"https:\/\/laserenaradio.cl\/web\/wp-json\/wp\/v2\/posts\/23249\/revisions\/23250"}],"wp:featuredmedia":[{"embeddable":true,"href":"https:\/\/laserenaradio.cl\/web\/wp-json\/wp\/v2\/media\/9076"}],"wp:attachment":[{"href":"https:\/\/laserenaradio.cl\/web\/wp-json\/wp\/v2\/media?parent=23249"}],"wp:term":[{"taxonomy":"category","embeddable":true,"href":"https:\/\/laserenaradio.cl\/web\/wp-json\/wp\/v2\/categories?post=23249"},{"taxonomy":"post_tag","embeddable":true,"href":"https:\/\/laserenaradio.cl\/web\/wp-json\/wp\/v2\/tags?post=23249"}],"curies":[{"name":"wp","href":"https:\/\/api.w.org\/{rel}","templated":true}]}}