{"id":23247,"date":"2026-02-01T12:25:32","date_gmt":"2026-02-01T15:25:32","guid":{"rendered":"https:\/\/laserenaradio.cl\/web\/?p=23247"},"modified":"2026-02-01T12:25:32","modified_gmt":"2026-02-01T15:25:32","slug":"homicidio-y-heridos-en-campamento-dignidad-de-osorno","status":"publish","type":"post","link":"https:\/\/laserenaradio.cl\/web\/2026\/02\/01\/homicidio-y-heridos-en-campamento-dignidad-de-osorno\/","title":{"rendered":"Homicidio y heridos en campamento Dignidad de Osorno"},"content":{"rendered":"<p>Un hombre fue asesinado a disparos y otro est\u00e1 gravemente herido tras un incidente registrado en el campamento Dignidad de Osorno, en la regi\u00f3n de Los Lagos.<\/p>\n<p>La Brigada de Homicidios de Osorno est\u00e1 investigando el origen y la causa de este crimen, que se produjo la madrugada del domingo pasado. <\/p>\n<p>El jefe subrogante de esa unidad especializada de la <a href=\"https:\/\/www.pdichile.cl\/\">PDI<\/a>, comisario Mois\u00e9s S\u00e1ez, inform\u00f3 que la v\u00edctima fatal corresponde a un ciudadano colombiano de 29 a\u00f1os, que recibi\u00f3 diversos impactos bal\u00edsticos. En tanto, el homicidio frustrado se cometi\u00f3 en contra de un chileno de 24 a\u00f1os, que permanece en el Hospital Base de Osorno con heridas de gravedad.<\/p>\n<p>De acuerdo a los primeros antecedentes recabados, estos hechos habr\u00edan ocurrido hoy, en horas de la madrugada, al interior del campamento Dignidad, siendo materia de investigaci\u00f3n esclarecer la din\u00e1mica de los hechos y determinar la identidad de \u00e9l o los responsables. <\/p>\n<p>Los detectives siguen trabajando para dar con los autores de este homicidio consumado y frustrado.<\/p>\n<p>Al asentamiento irregular tambi\u00e9n acudi\u00f3 personal de <a href=\"https:\/\/www.carabineros.cl\/\">Carabineros<\/a> para resguardar el sitio del suceso.<\/p>\n","protected":false},"excerpt":{"rendered":"<p>Un hombre fue asesinado a disparos y otro est\u00e1 gravemente herido tras un incidente registrado en el campamento Dignidad de Osorno, en la regi\u00f3n de Los Lagos. La Brigada de Homicidios de Osorno est\u00e1 investigando el origen y la causa de este crimen, que se produjo la madrugada del domingo pasado. El jefe subrogante de [&hellip;]<\/p>\n","protected":false},"author":2,"featured_media":23246,"comment_status":"closed","ping_status":"open","sticky":false,"template":"","format":"standard","meta":{"_jetpack_memberships_contains_paid_content":false,"jnews-multi-image_gallery":[],"jnews_single_post":[],"jnews_primary_category":[],"jnews_social_meta":[],"jnews_paywall_metabox":[],"jnews_review":[],"enable_review":"","type":"","name":"","summary":"","brand":"","sku":"","good":[],"bad":[],"score_override":"","override_value":"","rating":[],"price":[],"jnews_override_counter":[],"jnews_post_split":[],"footnotes":""},"categories":[21],"tags":[],"class_list":["post-23247","post","type-post","status-publish","format-standard","has-post-thumbnail","hentry","category-nacional"],"jetpack_featured_media_url":"https:\/\/laserenaradio.cl\/web\/wp-content\/uploads\/2026\/02\/mediapiaiextstaticimg_webpHomicidiofrustrado_1.webp","jetpack_sharing_enabled":true,"_links":{"self":[{"href":"https:\/\/laserenaradio.cl\/web\/wp-json\/wp\/v2\/posts\/23247","targetHints":{"allow":["GET"]}}],"collection":[{"href":"https:\/\/laserenaradio.cl\/web\/wp-json\/wp\/v2\/posts"}],"about":[{"href":"https:\/\/laserenaradio.cl\/web\/wp-json\/wp\/v2\/types\/post"}],"author":[{"embeddable":true,"href":"https:\/\/laserenaradio.cl\/web\/wp-json\/wp\/v2\/users\/2"}],"replies":[{"embeddable":true,"href":"https:\/\/laserenaradio.cl\/web\/wp-json\/wp\/v2\/comments?post=23247"}],"version-history":[{"count":1,"href":"https:\/\/laserenaradio.cl\/web\/wp-json\/wp\/v2\/posts\/23247\/revisions"}],"predecessor-version":[{"id":23248,"href":"https:\/\/laserenaradio.cl\/web\/wp-json\/wp\/v2\/posts\/23247\/revisions\/23248"}],"wp:featuredmedia":[{"embeddable":true,"href":"https:\/\/laserenaradio.cl\/web\/wp-json\/wp\/v2\/media\/23246"}],"wp:attachment":[{"href":"https:\/\/laserenaradio.cl\/web\/wp-json\/wp\/v2\/media?parent=23247"}],"wp:term":[{"taxonomy":"category","embeddable":true,"href":"https:\/\/laserenaradio.cl\/web\/wp-json\/wp\/v2\/categories?post=23247"},{"taxonomy":"post_tag","embeddable":true,"href":"https:\/\/laserenaradio.cl\/web\/wp-json\/wp\/v2\/tags?post=23247"}],"curies":[{"name":"wp","href":"https:\/\/api.w.org\/{rel}","templated":true}]}}