{"id":23244,"date":"2026-02-01T09:58:03","date_gmt":"2026-02-01T12:58:03","guid":{"rendered":"https:\/\/laserenaradio.cl\/web\/?p=23244"},"modified":"2026-02-01T09:58:03","modified_gmt":"2026-02-01T12:58:03","slug":"hallazgo-de-dos-cadaveres-en-una-piscina-del-maule","status":"publish","type":"post","link":"https:\/\/laserenaradio.cl\/web\/2026\/02\/01\/hallazgo-de-dos-cadaveres-en-una-piscina-del-maule\/","title":{"rendered":"Hallazgo de dos cad\u00e1veres en una piscina del Maule"},"content":{"rendered":"<p>Una tragedia familiar se produce en San Clemente, regi\u00f3n del Maule, donde personal de <a href=\"https:\/\/www.carabineros.cl\/\">Carabineros<\/a> descubre los cuerpos de una madre y su hijo en una piscina. El hallazgo ocurri\u00f3 durante las horas de tarde este s\u00e1bado, en un domicilio particular ubicado camino a Quebrada del Agua, a la altura del kil\u00f3metro 2.<\/p>\n<p>Seg\u00fan informaciones recogidas por La Radio, el SAMU arrib\u00f3 al lugar para constatar la muerte de ambas personas. El fiscal de flagrancia instruy\u00f3 al trabajo de la Brigada de Homicidios de la Polic\u00eda de Investigaciones para aclarar los hechos, mientras que personal del laboratorio de Criminal\u00edstica de la <a href=\"https:\/\/www.pdichile.cl\/\">PDI<\/a> tambi\u00e9n intervino en el caso.<\/p>\n<p>El hecho, alertado inicialmente por testigos que dieron aviso a <a href=\"https:\/\/www.carabineros.cl\/\">Carabineros<\/a>, ha causado conmoci\u00f3n en la localidad perteneciente a la comuna de San Clemente.<\/p>\n","protected":false},"excerpt":{"rendered":"<p>Una tragedia familiar se produce en San Clemente, regi\u00f3n del Maule, donde personal de Carabineros descubre los cuerpos de una madre y su hijo en una piscina. El hallazgo ocurri\u00f3 durante las horas de tarde este s\u00e1bado, en un domicilio particular ubicado camino a Quebrada del Agua, a la altura del kil\u00f3metro 2. Seg\u00fan informaciones [&hellip;]<\/p>\n","protected":false},"author":2,"featured_media":23243,"comment_status":"closed","ping_status":"open","sticky":false,"template":"","format":"standard","meta":{"_jetpack_memberships_contains_paid_content":false,"jnews-multi-image_gallery":[],"jnews_single_post":[],"jnews_primary_category":[],"jnews_social_meta":[],"jnews_paywall_metabox":[],"jnews_review":[],"enable_review":"","type":"","name":"","summary":"","brand":"","sku":"","good":[],"bad":[],"score_override":"","override_value":"","rating":[],"price":[],"jnews_override_counter":[],"jnews_post_split":[],"footnotes":""},"categories":[21],"tags":[],"class_list":["post-23244","post","type-post","status-publish","format-standard","has-post-thumbnail","hentry","category-nacional"],"jetpack_featured_media_url":"https:\/\/laserenaradio.cl\/web\/wp-content\/uploads\/2026\/02\/mediapiaiextstaticimg_webpcontraCaboCarabinerosdurante_1.webp","jetpack_sharing_enabled":true,"_links":{"self":[{"href":"https:\/\/laserenaradio.cl\/web\/wp-json\/wp\/v2\/posts\/23244","targetHints":{"allow":["GET"]}}],"collection":[{"href":"https:\/\/laserenaradio.cl\/web\/wp-json\/wp\/v2\/posts"}],"about":[{"href":"https:\/\/laserenaradio.cl\/web\/wp-json\/wp\/v2\/types\/post"}],"author":[{"embeddable":true,"href":"https:\/\/laserenaradio.cl\/web\/wp-json\/wp\/v2\/users\/2"}],"replies":[{"embeddable":true,"href":"https:\/\/laserenaradio.cl\/web\/wp-json\/wp\/v2\/comments?post=23244"}],"version-history":[{"count":1,"href":"https:\/\/laserenaradio.cl\/web\/wp-json\/wp\/v2\/posts\/23244\/revisions"}],"predecessor-version":[{"id":23245,"href":"https:\/\/laserenaradio.cl\/web\/wp-json\/wp\/v2\/posts\/23244\/revisions\/23245"}],"wp:featuredmedia":[{"embeddable":true,"href":"https:\/\/laserenaradio.cl\/web\/wp-json\/wp\/v2\/media\/23243"}],"wp:attachment":[{"href":"https:\/\/laserenaradio.cl\/web\/wp-json\/wp\/v2\/media?parent=23244"}],"wp:term":[{"taxonomy":"category","embeddable":true,"href":"https:\/\/laserenaradio.cl\/web\/wp-json\/wp\/v2\/categories?post=23244"},{"taxonomy":"post_tag","embeddable":true,"href":"https:\/\/laserenaradio.cl\/web\/wp-json\/wp\/v2\/tags?post=23244"}],"curies":[{"name":"wp","href":"https:\/\/api.w.org\/{rel}","templated":true}]}}