{"id":23238,"date":"2026-01-31T23:36:25","date_gmt":"2026-02-01T02:36:25","guid":{"rendered":"https:\/\/laserenaradio.cl\/web\/?p=23238"},"modified":"2026-01-31T23:36:25","modified_gmt":"2026-02-01T02:36:25","slug":"tormenta-e-inundaciones-en-santiago","status":"publish","type":"post","link":"https:\/\/laserenaradio.cl\/web\/2026\/01\/31\/tormenta-e-inundaciones-en-santiago\/","title":{"rendered":"Tormenta e inundaciones en Santiago"},"content":{"rendered":"<p>Este s\u00e1bado Santiago enfrent\u00f3 un sistema de baja segregada que gener\u00f3 intensas precipitaciones y fuertes episodios de granizo en varios sectores de la capital. A trav\u00e9s de redes sociales, usuarios informaron sobre el desborde del canal Santa Marta en Maip\u00fa, lo que result\u00f3 en la inundaci\u00f3n de un \u00e1rea cerca de Camino a Melipilla, entre Lago Bolsena y Lago Lugano. Seg\u00fan los registros, al menos una decena de veh\u00edculos quedaron atrapados por las aguas.<\/p>\n<p>Adem\u00e1s, la tormenta activ\u00f3 la quebrada Huallalol\u00e9n en Lo Barnechea, a\u00f1adiendo a las complicaciones meteorol\u00f3gicas reportadas.<\/p>\n","protected":false},"excerpt":{"rendered":"<p>Este s\u00e1bado Santiago enfrent\u00f3 un sistema de baja segregada que gener\u00f3 intensas precipitaciones y fuertes episodios de granizo en varios sectores de la capital. A trav\u00e9s de redes sociales, usuarios informaron sobre el desborde del canal Santa Marta en Maip\u00fa, lo que result\u00f3 en la inundaci\u00f3n de un \u00e1rea cerca de Camino a Melipilla, entre [&hellip;]<\/p>\n","protected":false},"author":2,"featured_media":23237,"comment_status":"closed","ping_status":"open","sticky":false,"template":"","format":"standard","meta":{"_jetpack_memberships_contains_paid_content":false,"jnews-multi-image_gallery":[],"jnews_single_post":[],"jnews_primary_category":[],"jnews_social_meta":[],"jnews_paywall_metabox":[],"jnews_review":[],"enable_review":"","type":"","name":"","summary":"","brand":"","sku":"","good":[],"bad":[],"score_override":"","override_value":"","rating":[],"price":[],"jnews_override_counter":[],"jnews_post_split":[],"footnotes":""},"categories":[21],"tags":[],"class_list":["post-23238","post","type-post","status-publish","format-standard","has-post-thumbnail","hentry","category-nacional"],"jetpack_featured_media_url":"https:\/\/laserenaradio.cl\/web\/wp-content\/uploads\/2026\/01\/mediapiaiextstaticimg_webpSantiagosistemabajasegregada_1.webp","jetpack_sharing_enabled":true,"_links":{"self":[{"href":"https:\/\/laserenaradio.cl\/web\/wp-json\/wp\/v2\/posts\/23238","targetHints":{"allow":["GET"]}}],"collection":[{"href":"https:\/\/laserenaradio.cl\/web\/wp-json\/wp\/v2\/posts"}],"about":[{"href":"https:\/\/laserenaradio.cl\/web\/wp-json\/wp\/v2\/types\/post"}],"author":[{"embeddable":true,"href":"https:\/\/laserenaradio.cl\/web\/wp-json\/wp\/v2\/users\/2"}],"replies":[{"embeddable":true,"href":"https:\/\/laserenaradio.cl\/web\/wp-json\/wp\/v2\/comments?post=23238"}],"version-history":[{"count":1,"href":"https:\/\/laserenaradio.cl\/web\/wp-json\/wp\/v2\/posts\/23238\/revisions"}],"predecessor-version":[{"id":23239,"href":"https:\/\/laserenaradio.cl\/web\/wp-json\/wp\/v2\/posts\/23238\/revisions\/23239"}],"wp:featuredmedia":[{"embeddable":true,"href":"https:\/\/laserenaradio.cl\/web\/wp-json\/wp\/v2\/media\/23237"}],"wp:attachment":[{"href":"https:\/\/laserenaradio.cl\/web\/wp-json\/wp\/v2\/media?parent=23238"}],"wp:term":[{"taxonomy":"category","embeddable":true,"href":"https:\/\/laserenaradio.cl\/web\/wp-json\/wp\/v2\/categories?post=23238"},{"taxonomy":"post_tag","embeddable":true,"href":"https:\/\/laserenaradio.cl\/web\/wp-json\/wp\/v2\/tags?post=23238"}],"curies":[{"name":"wp","href":"https:\/\/api.w.org\/{rel}","templated":true}]}}