{"id":23235,"date":"2026-01-31T23:33:15","date_gmt":"2026-02-01T02:33:15","guid":{"rendered":"https:\/\/laserenaradio.cl\/web\/?p=23235"},"modified":"2026-01-31T23:33:15","modified_gmt":"2026-02-01T02:33:15","slug":"fuertes-lluvias-devastan-a-maipu-2","status":"publish","type":"post","link":"https:\/\/laserenaradio.cl\/web\/2026\/01\/31\/fuertes-lluvias-devastan-a-maipu-2\/","title":{"rendered":"Fuertes lluvias devastan a Maip\u00fa"},"content":{"rendered":"<p>El alcalde de Maip\u00fa, Tom\u00e1s Vodanovic, inform\u00f3 en redes sociales que las repentinas lluvias inundaron viviendas, dejando a varios vecinos sin pr\u00e1cticamente nada. Las precipitaciones cayeron muy r\u00e1pidamente, acumulando m\u00e1s de 17 mil\u00edmetros en una sola hora. Este fen\u00f3meno clim\u00e1tico, seg\u00fan Vodanovic, es inusual para la comuna y especialmente en verano.<\/p>\n<p>Hemos estado conversando con muchas personas que perdieron pr\u00e1cticamente todos sus bienes materiales. El agua entr\u00f3 a m\u00e1s de la mitad de los departamentos y hasta se llevaron los autos, relat\u00f3 el alcalde. Calific\u00f3 la situaci\u00f3n como un evento inesperado para los equipos municipales.<\/p>\n<p>Para abordar esta emergencia, nos estamos desplegando en varios sectores. Estamos recibiendo apoyo de <a href=\"https:\/\/www.bomberos.cl\/\">Bomberos<\/a>, <a href=\"https:\/\/www.carabineros.cl\/\">Carabineros<\/a> y la Delegaci\u00f3n presidencial. Nuestra meta es llegar lo antes posible con ayuda a las familias afectadas. Evaluamos el traslado de algunas familias y la distribuci\u00f3n de apoyo para mitigar los da\u00f1os.<\/p>\n","protected":false},"excerpt":{"rendered":"<p>El alcalde de Maip\u00fa, Tom\u00e1s Vodanovic, inform\u00f3 en redes sociales que las repentinas lluvias inundaron viviendas, dejando a varios vecinos sin pr\u00e1cticamente nada. Las precipitaciones cayeron muy r\u00e1pidamente, acumulando m\u00e1s de 17 mil\u00edmetros en una sola hora. Este fen\u00f3meno clim\u00e1tico, seg\u00fan Vodanovic, es inusual para la comuna y especialmente en verano. Hemos estado conversando con [&hellip;]<\/p>\n","protected":false},"author":2,"featured_media":23234,"comment_status":"closed","ping_status":"open","sticky":false,"template":"","format":"standard","meta":{"_jetpack_memberships_contains_paid_content":false,"jnews-multi-image_gallery":[],"jnews_single_post":[],"jnews_primary_category":[],"jnews_social_meta":[],"jnews_paywall_metabox":[],"jnews_review":[],"enable_review":"","type":"","name":"","summary":"","brand":"","sku":"","good":[],"bad":[],"score_override":"","override_value":"","rating":[],"price":[],"jnews_override_counter":[],"jnews_post_split":[],"footnotes":""},"categories":[21],"tags":[],"class_list":["post-23235","post","type-post","status-publish","format-standard","has-post-thumbnail","hentry","category-nacional"],"jetpack_featured_media_url":"https:\/\/laserenaradio.cl\/web\/wp-content\/uploads\/2026\/01\/mediapiaiextstaticimg_webpLluviasSantiago_1-1.webp","jetpack_sharing_enabled":true,"_links":{"self":[{"href":"https:\/\/laserenaradio.cl\/web\/wp-json\/wp\/v2\/posts\/23235","targetHints":{"allow":["GET"]}}],"collection":[{"href":"https:\/\/laserenaradio.cl\/web\/wp-json\/wp\/v2\/posts"}],"about":[{"href":"https:\/\/laserenaradio.cl\/web\/wp-json\/wp\/v2\/types\/post"}],"author":[{"embeddable":true,"href":"https:\/\/laserenaradio.cl\/web\/wp-json\/wp\/v2\/users\/2"}],"replies":[{"embeddable":true,"href":"https:\/\/laserenaradio.cl\/web\/wp-json\/wp\/v2\/comments?post=23235"}],"version-history":[{"count":1,"href":"https:\/\/laserenaradio.cl\/web\/wp-json\/wp\/v2\/posts\/23235\/revisions"}],"predecessor-version":[{"id":23236,"href":"https:\/\/laserenaradio.cl\/web\/wp-json\/wp\/v2\/posts\/23235\/revisions\/23236"}],"wp:featuredmedia":[{"embeddable":true,"href":"https:\/\/laserenaradio.cl\/web\/wp-json\/wp\/v2\/media\/23234"}],"wp:attachment":[{"href":"https:\/\/laserenaradio.cl\/web\/wp-json\/wp\/v2\/media?parent=23235"}],"wp:term":[{"taxonomy":"category","embeddable":true,"href":"https:\/\/laserenaradio.cl\/web\/wp-json\/wp\/v2\/categories?post=23235"},{"taxonomy":"post_tag","embeddable":true,"href":"https:\/\/laserenaradio.cl\/web\/wp-json\/wp\/v2\/tags?post=23235"}],"curies":[{"name":"wp","href":"https:\/\/api.w.org\/{rel}","templated":true}]}}