{"id":23226,"date":"2026-01-31T19:33:24","date_gmt":"2026-01-31T22:33:24","guid":{"rendered":"https:\/\/laserenaradio.cl\/web\/?p=23226"},"modified":"2026-01-31T19:33:24","modified_gmt":"2026-01-31T22:33:24","slug":"andronico-luksic-niega-relacion-con-jeffrey-epstein","status":"publish","type":"post","link":"https:\/\/laserenaradio.cl\/web\/2026\/01\/31\/andronico-luksic-niega-relacion-con-jeffrey-epstein\/","title":{"rendered":"Andr\u00f3nico Luksic niega relaci\u00f3n con Jeffrey Epstein"},"content":{"rendered":"<p>El empresario Andr\u00f3nico Luksic respondi\u00f3 tajantemente a la noticia tras su aparici\u00f3n en correos del entorno de Jeffrey Epstein, publicados este viernes por el Departamento de Justicia de EE.UU. Manifest\u00f3: &#8220;que quede muy claro: jam\u00e1s he estado ni me he relacionado con Epstein. \u00a1No tengo ning\u00fan v\u00ednculo con esa red de delincuentes!&#8221;. <\/p>\n<p>BioBioChile informa que Luksic es mencionado en una comunicaci\u00f3n sostenida entre el fallecido magnate financiero y el empresario emirat\u00ed Sultan Bin Sulayem, donde se habla sobre una coordinaci\u00f3n para concretar &#8220;una breve visita a Dubai a fin de conocer al presidente del Directorio de DPWorld, el sult\u00e1n Ahmed bin Sulayem&#8221;. <\/p>\n<p>En los correos, el entorno de Epstein comenta sobre el perfil, los negocios y la influencia de Luksic en la miner\u00eda y la banca chilena, el mundo empresarial sudamericano, y en el Canal de Panam\u00e1. Todo ello lo convierte en una figura que podr\u00eda ser de inter\u00e9s. Por ello, se habla sobre una posible reuni\u00f3n en Dub\u00e1i, consultando Bin Sulayem a Epstein &#8220;\u00bfsabes algo sobre este tipo?&#8221;. <\/p>\n<p>En el caso de Luksic como del economista y exministro Andr\u00e9s Velasco, los archivos no incluyen evidencia ni de que se hayan concretado encuentros con Epstein, quien muri\u00f3 en prisi\u00f3n en 2019, ni que hayan visitado la isla Little Saint James donde se habr\u00edan cometido buena parte de los cr\u00edmenes sexuales que se le imputan.<\/p>\n","protected":false},"excerpt":{"rendered":"<p>El empresario Andr\u00f3nico Luksic respondi\u00f3 tajantemente a la noticia tras su aparici\u00f3n en correos del entorno de Jeffrey Epstein, publicados este viernes por el Departamento de Justicia de EE.UU. Manifest\u00f3: &#8220;que quede muy claro: jam\u00e1s he estado ni me he relacionado con Epstein. \u00a1No tengo ning\u00fan v\u00ednculo con esa red de delincuentes!&#8221;. BioBioChile informa que [&hellip;]<\/p>\n","protected":false},"author":2,"featured_media":23225,"comment_status":"closed","ping_status":"open","sticky":false,"template":"","format":"standard","meta":{"_jetpack_memberships_contains_paid_content":false,"jnews-multi-image_gallery":[],"jnews_single_post":[],"jnews_primary_category":[],"jnews_social_meta":[],"jnews_paywall_metabox":[],"jnews_review":[],"enable_review":"","type":"","name":"","summary":"","brand":"","sku":"","good":[],"bad":[],"score_override":"","override_value":"","rating":[],"price":[],"jnews_override_counter":[],"jnews_post_split":[],"footnotes":""},"categories":[21],"tags":[],"class_list":["post-23226","post","type-post","status-publish","format-standard","has-post-thumbnail","hentry","category-nacional"],"jetpack_featured_media_url":"https:\/\/laserenaradio.cl\/web\/wp-content\/uploads\/2026\/01\/mediapiaiextstaticimg_webpReunionderrota_0.webp","jetpack_sharing_enabled":true,"_links":{"self":[{"href":"https:\/\/laserenaradio.cl\/web\/wp-json\/wp\/v2\/posts\/23226","targetHints":{"allow":["GET"]}}],"collection":[{"href":"https:\/\/laserenaradio.cl\/web\/wp-json\/wp\/v2\/posts"}],"about":[{"href":"https:\/\/laserenaradio.cl\/web\/wp-json\/wp\/v2\/types\/post"}],"author":[{"embeddable":true,"href":"https:\/\/laserenaradio.cl\/web\/wp-json\/wp\/v2\/users\/2"}],"replies":[{"embeddable":true,"href":"https:\/\/laserenaradio.cl\/web\/wp-json\/wp\/v2\/comments?post=23226"}],"version-history":[{"count":1,"href":"https:\/\/laserenaradio.cl\/web\/wp-json\/wp\/v2\/posts\/23226\/revisions"}],"predecessor-version":[{"id":23227,"href":"https:\/\/laserenaradio.cl\/web\/wp-json\/wp\/v2\/posts\/23226\/revisions\/23227"}],"wp:featuredmedia":[{"embeddable":true,"href":"https:\/\/laserenaradio.cl\/web\/wp-json\/wp\/v2\/media\/23225"}],"wp:attachment":[{"href":"https:\/\/laserenaradio.cl\/web\/wp-json\/wp\/v2\/media?parent=23226"}],"wp:term":[{"taxonomy":"category","embeddable":true,"href":"https:\/\/laserenaradio.cl\/web\/wp-json\/wp\/v2\/categories?post=23226"},{"taxonomy":"post_tag","embeddable":true,"href":"https:\/\/laserenaradio.cl\/web\/wp-json\/wp\/v2\/tags?post=23226"}],"curies":[{"name":"wp","href":"https:\/\/api.w.org\/{rel}","templated":true}]}}