{"id":23223,"date":"2026-01-31T19:29:14","date_gmt":"2026-01-31T22:29:14","guid":{"rendered":"https:\/\/laserenaradio.cl\/web\/?p=23223"},"modified":"2026-01-31T19:29:14","modified_gmt":"2026-01-31T22:29:14","slug":"kast-cierra-gira-por-centroamerica-con-reunion-con-nayib-bukele","status":"publish","type":"post","link":"https:\/\/laserenaradio.cl\/web\/2026\/01\/31\/kast-cierra-gira-por-centroamerica-con-reunion-con-nayib-bukele\/","title":{"rendered":"Kast cierra gira por Centroam\u00e9rica con reuni\u00f3n con Nayib Bukele"},"content":{"rendered":"<p>El presidente electo, Jos\u00e9 Antonio Kast, cerr\u00f3 su gira por Centroam\u00e9rica con un encuentro bilateral con el mandatario salvadore\u00f1o, Nayib Bukele.<\/p>\n<p>En el Palacio Presidencial de El Salvador, Bukele recibi\u00f3 con una ceremoniosa bienvenida al presidente electo. <\/p>\n<p>Kast agradeci\u00f3 las pol\u00edticas en seguridad implementadas por Bukele, consider\u00e1ndolas un ejemplo para las naciones de la regi\u00f3n. &#8220;Le quiero agradecer una vez m\u00e1s ser un faro de esperanza en temas de recuperar la seguridad&#8221;, afirm\u00f3 tras la reuni\u00f3n.<\/p>\n<p>Este encuentro puso fin a la gira que llev\u00f3 a Kast a Rep\u00fablica Dominicana, Panam\u00e1 y El Salvador, siendo la visita final el hito que generaba mayor expectaci\u00f3n dentro del \u00e1mbito pol\u00edtico nacional.<\/p>\n<p>Desde la Uni\u00f3n Dem\u00f3crata Independiente, Henry Leal se\u00f1al\u00f3 un balance positivo de esta reuni\u00f3n. &#8220;Es lo que los chilenos esperan: un presidente que se relacione con los mandatarios, que saque las mejores experiencias para aplicarlas desde el 11 de marzo en Chile&#8221;, asegur\u00f3.<\/p>\n<p>Debido a esta gira, el equipo del presidente electo anunci\u00f3 modificaciones en el anuncio de quienes asumir\u00e1n las delegaciones presidenciales y las subsecretar\u00edas ministeriales. La presentaci\u00f3n originalmente estaba fijada para este viernes, pero retrasos obligaron a modificar la agenda.<\/p>\n<p>Las expectativas de los partidos del pr\u00f3ximo oficialismo se centraban en mayor presencia de militantes en estos cargos, seg\u00fan indic\u00f3 Jos\u00e9 Carlos Meza, diputado republicano. &#8220;Tenemos claro que este no va a ser un Gobierno de cuotas para los partidos&#8221;, asegur\u00f3.<\/p>\n<p>Se espera que durante la pr\u00f3xima semana el equipo del presidente electo anuncie qui\u00e9nes se unir\u00e1n al gobierno de Kast que asumir\u00e1 este 11 de marzo.<\/p>\n","protected":false},"excerpt":{"rendered":"<p>El presidente electo, Jos\u00e9 Antonio Kast, cerr\u00f3 su gira por Centroam\u00e9rica con un encuentro bilateral con el mandatario salvadore\u00f1o, Nayib Bukele. En el Palacio Presidencial de El Salvador, Bukele recibi\u00f3 con una ceremoniosa bienvenida al presidente electo. Kast agradeci\u00f3 las pol\u00edticas en seguridad implementadas por Bukele, consider\u00e1ndolas un ejemplo para las naciones de la regi\u00f3n. [&hellip;]<\/p>\n","protected":false},"author":2,"featured_media":23222,"comment_status":"closed","ping_status":"open","sticky":false,"template":"","format":"standard","meta":{"_jetpack_memberships_contains_paid_content":false,"jnews-multi-image_gallery":[],"jnews_single_post":[],"jnews_primary_category":[],"jnews_social_meta":[],"jnews_paywall_metabox":[],"jnews_review":[],"enable_review":"","type":"","name":"","summary":"","brand":"","sku":"","good":[],"bad":[],"score_override":"","override_value":"","rating":[],"price":[],"jnews_override_counter":[],"jnews_post_split":[],"footnotes":""},"categories":[21],"tags":[],"class_list":["post-23223","post","type-post","status-publish","format-standard","has-post-thumbnail","hentry","category-nacional"],"jetpack_featured_media_url":"https:\/\/laserenaradio.cl\/web\/wp-content\/uploads\/2026\/01\/mediapiaiextstaticimg_webprepublicanoAntonioKastmilitanciaKast_0.webp","jetpack_sharing_enabled":true,"_links":{"self":[{"href":"https:\/\/laserenaradio.cl\/web\/wp-json\/wp\/v2\/posts\/23223","targetHints":{"allow":["GET"]}}],"collection":[{"href":"https:\/\/laserenaradio.cl\/web\/wp-json\/wp\/v2\/posts"}],"about":[{"href":"https:\/\/laserenaradio.cl\/web\/wp-json\/wp\/v2\/types\/post"}],"author":[{"embeddable":true,"href":"https:\/\/laserenaradio.cl\/web\/wp-json\/wp\/v2\/users\/2"}],"replies":[{"embeddable":true,"href":"https:\/\/laserenaradio.cl\/web\/wp-json\/wp\/v2\/comments?post=23223"}],"version-history":[{"count":1,"href":"https:\/\/laserenaradio.cl\/web\/wp-json\/wp\/v2\/posts\/23223\/revisions"}],"predecessor-version":[{"id":23224,"href":"https:\/\/laserenaradio.cl\/web\/wp-json\/wp\/v2\/posts\/23223\/revisions\/23224"}],"wp:featuredmedia":[{"embeddable":true,"href":"https:\/\/laserenaradio.cl\/web\/wp-json\/wp\/v2\/media\/23222"}],"wp:attachment":[{"href":"https:\/\/laserenaradio.cl\/web\/wp-json\/wp\/v2\/media?parent=23223"}],"wp:term":[{"taxonomy":"category","embeddable":true,"href":"https:\/\/laserenaradio.cl\/web\/wp-json\/wp\/v2\/categories?post=23223"},{"taxonomy":"post_tag","embeddable":true,"href":"https:\/\/laserenaradio.cl\/web\/wp-json\/wp\/v2\/tags?post=23223"}],"curies":[{"name":"wp","href":"https:\/\/api.w.org\/{rel}","templated":true}]}}