{"id":23217,"date":"2026-01-31T09:16:14","date_gmt":"2026-01-31T12:16:14","guid":{"rendered":"https:\/\/laserenaradio.cl\/web\/?p=23217"},"modified":"2026-01-31T09:16:14","modified_gmt":"2026-01-31T12:16:14","slug":"sacerdote-absuelto-por-hechos-de-connotacion-sexual-con-menores-de-edad","status":"publish","type":"post","link":"https:\/\/laserenaradio.cl\/web\/2026\/01\/31\/sacerdote-absuelto-por-hechos-de-connotacion-sexual-con-menores-de-edad\/","title":{"rendered":"Sacerdote absuelto por hechos de connotaci\u00f3n sexual con menores de edad"},"content":{"rendered":"<p>Fue absuelto por los tribunales can\u00f3nicos un sacerdote de Calbuco acusado de hechos connotativos sexuales contra menores. Desde el Arzobispo de Puerto Montt se indic\u00f3 que los hechos no eran constitutivos de delito can\u00f3nico.<\/p>\n<p>A finales de agosto de 2025, el Arzobispado de Puerto Montt inform\u00f3 sobre una investigaci\u00f3n can\u00f3nica contra el Presb\u00edtero Javier Vel\u00e1squez por presuntos actos de vulneraci\u00f3n a menores con connotaciones sexuales. Seg\u00fan inform\u00f3 entonces el obispo Fernando Ramos, alumnas de un establecimiento cat\u00f3lico de Calbuco relataron &#8220;miradas y acercamientos inc\u00f3modos, sumado a que una menor habr\u00eda sufrido un roce inadecuado con la mano&#8221;. <\/p>\n<p>Aunque desde el Arzobispado informaron no haber recibido una denuncia directa de las presuntas v\u00edctimas, se indag\u00f3 la situaci\u00f3n, determinando que los hechos no constitu\u00edan delito can\u00f3nico. El Arzobispo Fernando Ramos afirm\u00f3 que tras archivarse la causa, Vel\u00e1squez volver\u00e1 a su parroquia original.<\/p>\n<p>La investigaci\u00f3n penal desformalizada abierta a ra\u00edz de estos hechos contin\u00faa, seg\u00fan el arzobispado, quienes indicaron que es materia de <a href=\"https:\/\/www.fiscaliadechile.cl\/\">Fiscal\u00eda<\/a> y no poseen mayores detalles.<\/p>\n","protected":false},"excerpt":{"rendered":"<p>Fue absuelto por los tribunales can\u00f3nicos un sacerdote de Calbuco acusado de hechos connotativos sexuales contra menores. Desde el Arzobispo de Puerto Montt se indic\u00f3 que los hechos no eran constitutivos de delito can\u00f3nico. A finales de agosto de 2025, el Arzobispado de Puerto Montt inform\u00f3 sobre una investigaci\u00f3n can\u00f3nica contra el Presb\u00edtero Javier Vel\u00e1squez [&hellip;]<\/p>\n","protected":false},"author":2,"featured_media":23216,"comment_status":"closed","ping_status":"open","sticky":false,"template":"","format":"standard","meta":{"_jetpack_memberships_contains_paid_content":false,"jnews-multi-image_gallery":[],"jnews_single_post":[],"jnews_primary_category":[],"jnews_social_meta":[],"jnews_paywall_metabox":[],"jnews_review":[],"enable_review":"","type":"","name":"","summary":"","brand":"","sku":"","good":[],"bad":[],"score_override":"","override_value":"","rating":[],"price":[],"jnews_override_counter":[],"jnews_post_split":[],"footnotes":""},"categories":[21],"tags":[],"class_list":["post-23217","post","type-post","status-publish","format-standard","has-post-thumbnail","hentry","category-nacional"],"jetpack_featured_media_url":"https:\/\/laserenaradio.cl\/web\/wp-content\/uploads\/2026\/01\/mediapiaiextstaticimg_webpHualquisacerdotepresenciamisas_1.webp","jetpack_sharing_enabled":true,"_links":{"self":[{"href":"https:\/\/laserenaradio.cl\/web\/wp-json\/wp\/v2\/posts\/23217","targetHints":{"allow":["GET"]}}],"collection":[{"href":"https:\/\/laserenaradio.cl\/web\/wp-json\/wp\/v2\/posts"}],"about":[{"href":"https:\/\/laserenaradio.cl\/web\/wp-json\/wp\/v2\/types\/post"}],"author":[{"embeddable":true,"href":"https:\/\/laserenaradio.cl\/web\/wp-json\/wp\/v2\/users\/2"}],"replies":[{"embeddable":true,"href":"https:\/\/laserenaradio.cl\/web\/wp-json\/wp\/v2\/comments?post=23217"}],"version-history":[{"count":1,"href":"https:\/\/laserenaradio.cl\/web\/wp-json\/wp\/v2\/posts\/23217\/revisions"}],"predecessor-version":[{"id":23218,"href":"https:\/\/laserenaradio.cl\/web\/wp-json\/wp\/v2\/posts\/23217\/revisions\/23218"}],"wp:featuredmedia":[{"embeddable":true,"href":"https:\/\/laserenaradio.cl\/web\/wp-json\/wp\/v2\/media\/23216"}],"wp:attachment":[{"href":"https:\/\/laserenaradio.cl\/web\/wp-json\/wp\/v2\/media?parent=23217"}],"wp:term":[{"taxonomy":"category","embeddable":true,"href":"https:\/\/laserenaradio.cl\/web\/wp-json\/wp\/v2\/categories?post=23217"},{"taxonomy":"post_tag","embeddable":true,"href":"https:\/\/laserenaradio.cl\/web\/wp-json\/wp\/v2\/tags?post=23217"}],"curies":[{"name":"wp","href":"https:\/\/api.w.org\/{rel}","templated":true}]}}