{"id":23211,"date":"2026-01-31T09:09:52","date_gmt":"2026-01-31T12:09:52","guid":{"rendered":"https:\/\/laserenaradio.cl\/web\/?p=23211"},"modified":"2026-01-31T09:09:52","modified_gmt":"2026-01-31T12:09:52","slug":"plazo-de-investigacion-para-julia-chunil-se-amplia-un-mes","status":"publish","type":"post","link":"https:\/\/laserenaradio.cl\/web\/2026\/01\/31\/plazo-de-investigacion-para-julia-chunil-se-amplia-un-mes\/","title":{"rendered":"Plazo de investigaci\u00f3n para Julia Chu\u00f1il se ampl\u00eda un mes"},"content":{"rendered":"<p>El plazo para que <a href=\"https:\/\/www.carabineros.cl\/\">Carabineros<\/a> pueda buscar el cuerpo de Julia Chu\u00f1il en el predio que compart\u00eda con sus hijos se ampli\u00f3 por un mes. Utilizando un martillo demoledor, funcionarios del Servicio de Encargo y B\u00fasqueda de Veh\u00edculos y personal policial iniciaron la destrucci\u00f3n del radier de una peque\u00f1a bodega, ubicada a un costado de la casa de la dirigenta mapuche.<\/p>\n<p>Seg\u00fan la fiscal\u00eda, este trabajo se realiz\u00f3 porque un georradar encontr\u00f3 algunas anomal\u00edas en el suelo de dicha estructura y es necesario identificar a qu\u00e9 corresponde. Esta labor se realiza con la autorizaci\u00f3n del Juzgado de Garant\u00eda de Los Lagos, que accedi\u00f3 a demoler la vivienda principal y otras estructuras construidas en el terreno, tal como lo solicit\u00f3 el Ministerio P\u00fablico, siendo una de ellas esta peque\u00f1a bodega.<\/p>\n<p>Desde la <a href=\"https:\/\/www.fiscaliadechile.cl\/\">Fiscal\u00eda<\/a> aseguraron que la pared y el techo no ser\u00e1n intervenidos, mucho menos demolidos, ya que solo trabajar\u00e1n en el suelo. Como hasta el momento no se ha dado con el paradero de Julia Chu\u00f1il, el Ministerio P\u00fablico solicit\u00f3 al tribunal ampliar el plazo de investigaci\u00f3n, el que inicialmente finalizaba este s\u00e1bado 31 de enero.<\/p>\n<p>El juez accedi\u00f3 a la petici\u00f3n y se ampli\u00f3 hasta el s\u00e1bado 28 de febrero el plazo de b\u00fasqueda en el terreno ubicado en la comuna de M\u00e1fil, regi\u00f3n de los Lagos.<\/p>\n","protected":false},"excerpt":{"rendered":"<p>El plazo para que Carabineros pueda buscar el cuerpo de Julia Chu\u00f1il en el predio que compart\u00eda con sus hijos se ampli\u00f3 por un mes. Utilizando un martillo demoledor, funcionarios del Servicio de Encargo y B\u00fasqueda de Veh\u00edculos y personal policial iniciaron la destrucci\u00f3n del radier de una peque\u00f1a bodega, ubicada a un costado de [&hellip;]<\/p>\n","protected":false},"author":2,"featured_media":23210,"comment_status":"closed","ping_status":"open","sticky":false,"template":"","format":"standard","meta":{"_jetpack_memberships_contains_paid_content":false,"jnews-multi-image_gallery":[],"jnews_single_post":[],"jnews_primary_category":[],"jnews_social_meta":[],"jnews_paywall_metabox":[],"jnews_review":[],"enable_review":"","type":"","name":"","summary":"","brand":"","sku":"","good":[],"bad":[],"score_override":"","override_value":"","rating":[],"price":[],"jnews_override_counter":[],"jnews_post_split":[],"footnotes":""},"categories":[21],"tags":[],"class_list":["post-23211","post","type-post","status-publish","format-standard","has-post-thumbnail","hentry","category-nacional"],"jetpack_featured_media_url":"https:\/\/laserenaradio.cl\/web\/wp-content\/uploads\/2026\/01\/mediapiaiextstaticimg_webpcontrolgendarmesseispersonas_1.webp","jetpack_sharing_enabled":true,"_links":{"self":[{"href":"https:\/\/laserenaradio.cl\/web\/wp-json\/wp\/v2\/posts\/23211","targetHints":{"allow":["GET"]}}],"collection":[{"href":"https:\/\/laserenaradio.cl\/web\/wp-json\/wp\/v2\/posts"}],"about":[{"href":"https:\/\/laserenaradio.cl\/web\/wp-json\/wp\/v2\/types\/post"}],"author":[{"embeddable":true,"href":"https:\/\/laserenaradio.cl\/web\/wp-json\/wp\/v2\/users\/2"}],"replies":[{"embeddable":true,"href":"https:\/\/laserenaradio.cl\/web\/wp-json\/wp\/v2\/comments?post=23211"}],"version-history":[{"count":1,"href":"https:\/\/laserenaradio.cl\/web\/wp-json\/wp\/v2\/posts\/23211\/revisions"}],"predecessor-version":[{"id":23212,"href":"https:\/\/laserenaradio.cl\/web\/wp-json\/wp\/v2\/posts\/23211\/revisions\/23212"}],"wp:featuredmedia":[{"embeddable":true,"href":"https:\/\/laserenaradio.cl\/web\/wp-json\/wp\/v2\/media\/23210"}],"wp:attachment":[{"href":"https:\/\/laserenaradio.cl\/web\/wp-json\/wp\/v2\/media?parent=23211"}],"wp:term":[{"taxonomy":"category","embeddable":true,"href":"https:\/\/laserenaradio.cl\/web\/wp-json\/wp\/v2\/categories?post=23211"},{"taxonomy":"post_tag","embeddable":true,"href":"https:\/\/laserenaradio.cl\/web\/wp-json\/wp\/v2\/tags?post=23211"}],"curies":[{"name":"wp","href":"https:\/\/api.w.org\/{rel}","templated":true}]}}