{"id":23208,"date":"2026-01-31T09:06:40","date_gmt":"2026-01-31T12:06:40","guid":{"rendered":"https:\/\/laserenaradio.cl\/web\/?p=23208"},"modified":"2026-01-31T09:06:40","modified_gmt":"2026-01-31T12:06:40","slug":"delincuentes-intentan-asaltar-a-policias-y-mueren-en-tiroteo","status":"publish","type":"post","link":"https:\/\/laserenaradio.cl\/web\/2026\/01\/31\/delincuentes-intentan-asaltar-a-policias-y-mueren-en-tiroteo\/","title":{"rendered":"Delincuentes intentan asaltar a polic\u00edas y mueren en tiroteo."},"content":{"rendered":"<p>Durante la madrugada de este s\u00e1bado, un delincuente falleci\u00f3 y otro result\u00f3 herido luego de que intentaran concretar un asalto a dos funcionarios de la Polic\u00eda de Investigaciones, que repelieron el ataque haciendo uso de sus armas de servicio. El hecho ocurri\u00f3 en Puente Alto y seg\u00fan informaci\u00f3n entregada por la <a href=\"https:\/\/www.pdichile.cl\/\">PDI<\/a>, cuando ambos funcionarios esperaban un veh\u00edculo que los iba a trasladar, fueron abordados por al menos dos individuos, que habr\u00edan intentado asaltarlos.<\/p>\n<p>El fiscal Jos\u00e9 Manuel McNamara Valderrama detall\u00f3 que al menos cuatro individuos habr\u00edan participado en el il\u00edcito. Dos o tres de ellos descendieron del veh\u00edculo para concretar el asalto, mientras el resto permanec\u00eda a bordo. Ante la intimidaci\u00f3n, los funcionarios policiales se identificaron como tales y repelieron el ataque utilizando sus armas de servicio.<\/p>\n<p>Uno de los delincuentes falleci\u00f3, mientras que otro qued\u00f3 herido y fue ayudado por los propios funcionarios de la <a href=\"https:\/\/www.pdichile.cl\/\">PDI<\/a>, para luego ser trasladado al Hospital S\u00f3tero del R\u00edo, donde permanece con custodia policial.<\/p>\n<p>En los antecedentes hay algunas c\u00e1maras que no se ve exactamente el hecho, pero s\u00ed la huida de estos sujetos. Los antecedentes dan cuenta que ser\u00edan cuatro sujetos, de los cuales se bajan dos o tres con la finalidad de asaltar a los funcionarios de la <a href=\"https:\/\/www.pdichile.cl\/\">PDI<\/a> y cuando efect\u00faan disparos la camioneta huye con dos de los sujetos a bordo.<\/p>\n<p>La Brigada de Robos Occidente est\u00e1 investigando el robo en s\u00ed mismo. Paralelamente, las polic\u00edas trabajan en el empadronamiento de testigos y en la revisi\u00f3n de c\u00e1maras de seguridad del sector, con el objetivo de identificar la patente del veh\u00edculo involucrado y establecer la ruta de escape del resto de los participantes.<\/p>\n<p>La <a href=\"https:\/\/www.fiscaliadechile.cl\/\">Fiscal\u00eda<\/a> solicit\u00f3 informaci\u00f3n sobre denuncias previas en el sector para determinar si existe un patr\u00f3n de robos asociados a veh\u00edculos con caracter\u00edsticas similares.<\/p>\n","protected":false},"excerpt":{"rendered":"<p>Durante la madrugada de este s\u00e1bado, un delincuente falleci\u00f3 y otro result\u00f3 herido luego de que intentaran concretar un asalto a dos funcionarios de la Polic\u00eda de Investigaciones, que repelieron el ataque haciendo uso de sus armas de servicio. El hecho ocurri\u00f3 en Puente Alto y seg\u00fan informaci\u00f3n entregada por la PDI, cuando ambos funcionarios [&hellip;]<\/p>\n","protected":false},"author":2,"featured_media":23207,"comment_status":"closed","ping_status":"open","sticky":false,"template":"","format":"standard","meta":{"_jetpack_memberships_contains_paid_content":false,"jnews-multi-image_gallery":[],"jnews_single_post":[],"jnews_primary_category":[],"jnews_social_meta":[],"jnews_paywall_metabox":[],"jnews_review":[],"enable_review":"","type":"","name":"","summary":"","brand":"","sku":"","good":[],"bad":[],"score_override":"","override_value":"","rating":[],"price":[],"jnews_override_counter":[],"jnews_post_split":[],"footnotes":""},"categories":[21],"tags":[],"class_list":["post-23208","post","type-post","status-publish","format-standard","has-post-thumbnail","hentry","category-nacional"],"jetpack_featured_media_url":"https:\/\/laserenaradio.cl\/web\/wp-content\/uploads\/2026\/01\/mediapiaiextstaticimg_webppersonaspdichileMinisterioseis_0.webp","jetpack_sharing_enabled":true,"_links":{"self":[{"href":"https:\/\/laserenaradio.cl\/web\/wp-json\/wp\/v2\/posts\/23208","targetHints":{"allow":["GET"]}}],"collection":[{"href":"https:\/\/laserenaradio.cl\/web\/wp-json\/wp\/v2\/posts"}],"about":[{"href":"https:\/\/laserenaradio.cl\/web\/wp-json\/wp\/v2\/types\/post"}],"author":[{"embeddable":true,"href":"https:\/\/laserenaradio.cl\/web\/wp-json\/wp\/v2\/users\/2"}],"replies":[{"embeddable":true,"href":"https:\/\/laserenaradio.cl\/web\/wp-json\/wp\/v2\/comments?post=23208"}],"version-history":[{"count":1,"href":"https:\/\/laserenaradio.cl\/web\/wp-json\/wp\/v2\/posts\/23208\/revisions"}],"predecessor-version":[{"id":23209,"href":"https:\/\/laserenaradio.cl\/web\/wp-json\/wp\/v2\/posts\/23208\/revisions\/23209"}],"wp:featuredmedia":[{"embeddable":true,"href":"https:\/\/laserenaradio.cl\/web\/wp-json\/wp\/v2\/media\/23207"}],"wp:attachment":[{"href":"https:\/\/laserenaradio.cl\/web\/wp-json\/wp\/v2\/media?parent=23208"}],"wp:term":[{"taxonomy":"category","embeddable":true,"href":"https:\/\/laserenaradio.cl\/web\/wp-json\/wp\/v2\/categories?post=23208"},{"taxonomy":"post_tag","embeddable":true,"href":"https:\/\/laserenaradio.cl\/web\/wp-json\/wp\/v2\/tags?post=23208"}],"curies":[{"name":"wp","href":"https:\/\/api.w.org\/{rel}","templated":true}]}}