{"id":23205,"date":"2026-01-31T08:59:26","date_gmt":"2026-01-31T11:59:26","guid":{"rendered":"https:\/\/laserenaradio.cl\/web\/?p=23205"},"modified":"2026-01-31T08:59:26","modified_gmt":"2026-01-31T11:59:26","slug":"emiten-actualizacion-de-aviso-por-probables-tormentas-electricas-en-zonas-desde-la-region-de-coquimbo-a-la-region-del-biobio","status":"publish","type":"post","link":"https:\/\/laserenaradio.cl\/web\/2026\/01\/31\/emiten-actualizacion-de-aviso-por-probables-tormentas-electricas-en-zonas-desde-la-region-de-coquimbo-a-la-region-del-biobio\/","title":{"rendered":"Emiten actualizaci\u00f3n de Aviso por Probables Tormentas El\u00e9ctricas en zonas desde la regi\u00f3n de Coquimbo a la regi\u00f3n del Biob\u00edo"},"content":{"rendered":"<p>Desde la Direcci\u00f3n Meteorol\u00f3gica de Chile, emitieron el Aviso A40-4\/2026 por Tormentas El\u00e9ctricas debido a la condici\u00f3n sin\u00f3ptica Baja segregada.<\/p>\n<p>En detalle, la <a href=\"http:\/\/www.meteochile.gob.cl\/PortalDMC-web\/index.xhtml\" rel=\"nofollow\">Direcci\u00f3n Meteorol\u00f3gica de Chile<\/a>, indica que este fen\u00f3meno se encontrar\u00e1 vigente desde <strong>la ma\u00f1ana del s\u00e1bado 31 de enero del 2026<\/strong> y hasta <strong>la noche del domingo 01 de febrero del 2026<\/strong>.<\/p>\n<p>Las zonas afectadas por la condici\u00f3n ser\u00edan: Coquimbo (Cordillera)<br \/>Valpara\u00edso (Litoral, Cordillera Costa, Precordillera y valles precordilleranos, Cordillera)<br \/>Metropolitana (Cordillera Costa, Valle, Precordillera, Cordillera)<br \/>O&#039;Higgins (Litoral, Cordillera Costa, Valle, Precordillera, Cordillera)<br \/>Maule (Litoral, Cordillera Costa, Valle, Precordillera, Cordillera)<br \/>\u00d1uble (Litoral, Cordillera Costa, Precordillera, Cordillera)<br \/>Biob\u00edo (Cordillera)<\/p>\n<p>Debido a esta condici\u00f3n, se llama a tener precauci\u00f3n y cautela por el Aviso vigente por Probables Tormentas El\u00e9ctricas en zonas desde la regi\u00f3n de Coquimbo a la regi\u00f3n del Biob\u00edo.<\/p>\n","protected":false},"excerpt":{"rendered":"<p>Desde la Direcci\u00f3n Meteorol\u00f3gica de Chile, emitieron el Aviso A40-4\/2026 por Tormentas El\u00e9ctricas debido a la condici\u00f3n sin\u00f3ptica Baja segregada. En detalle, la Direcci\u00f3n Meteorol\u00f3gica de Chile, indica que este fen\u00f3meno se encontrar\u00e1 vigente desde la ma\u00f1ana del s\u00e1bado 31 de enero del 2026 y hasta la noche del domingo 01 de febrero del 2026. [&hellip;]<\/p>\n","protected":false},"author":2,"featured_media":23204,"comment_status":"closed","ping_status":"open","sticky":false,"template":"","format":"standard","meta":{"_jetpack_memberships_contains_paid_content":false,"jnews-multi-image_gallery":[],"jnews_single_post":[],"jnews_primary_category":[],"jnews_social_meta":[],"jnews_paywall_metabox":[],"jnews_review":[],"enable_review":"","type":"","name":"","summary":"","brand":"","sku":"","good":[],"bad":[],"score_override":"","override_value":"","rating":[],"price":[],"jnews_override_counter":[],"jnews_post_split":[],"footnotes":""},"categories":[21],"tags":[],"class_list":["post-23205","post","type-post","status-publish","format-standard","has-post-thumbnail","hentry","category-nacional"],"jetpack_featured_media_url":"https:\/\/laserenaradio.cl\/web\/wp-content\/uploads\/2026\/01\/mediapiaiextstaticimg_webpstrongChileAvisoAltasTemperaturas_0.webp","jetpack_sharing_enabled":true,"_links":{"self":[{"href":"https:\/\/laserenaradio.cl\/web\/wp-json\/wp\/v2\/posts\/23205","targetHints":{"allow":["GET"]}}],"collection":[{"href":"https:\/\/laserenaradio.cl\/web\/wp-json\/wp\/v2\/posts"}],"about":[{"href":"https:\/\/laserenaradio.cl\/web\/wp-json\/wp\/v2\/types\/post"}],"author":[{"embeddable":true,"href":"https:\/\/laserenaradio.cl\/web\/wp-json\/wp\/v2\/users\/2"}],"replies":[{"embeddable":true,"href":"https:\/\/laserenaradio.cl\/web\/wp-json\/wp\/v2\/comments?post=23205"}],"version-history":[{"count":1,"href":"https:\/\/laserenaradio.cl\/web\/wp-json\/wp\/v2\/posts\/23205\/revisions"}],"predecessor-version":[{"id":23206,"href":"https:\/\/laserenaradio.cl\/web\/wp-json\/wp\/v2\/posts\/23205\/revisions\/23206"}],"wp:featuredmedia":[{"embeddable":true,"href":"https:\/\/laserenaradio.cl\/web\/wp-json\/wp\/v2\/media\/23204"}],"wp:attachment":[{"href":"https:\/\/laserenaradio.cl\/web\/wp-json\/wp\/v2\/media?parent=23205"}],"wp:term":[{"taxonomy":"category","embeddable":true,"href":"https:\/\/laserenaradio.cl\/web\/wp-json\/wp\/v2\/categories?post=23205"},{"taxonomy":"post_tag","embeddable":true,"href":"https:\/\/laserenaradio.cl\/web\/wp-json\/wp\/v2\/tags?post=23205"}],"curies":[{"name":"wp","href":"https:\/\/api.w.org\/{rel}","templated":true}]}}